{"id":321,"date":"2022-01-04T20:19:56","date_gmt":"2022-01-04T19:19:56","guid":{"rendered":"https:\/\/www.mautervillas.es\/blog\/?p=321"},"modified":"2022-01-04T20:19:57","modified_gmt":"2022-01-04T19:19:57","slug":"ruta-7-faros-menorca","status":"publish","type":"post","link":"https:\/\/www.mautervillas.es\/blog\/ruta-7-faros-menorca\/","title":{"rendered":"Ruta por los 7 faros de Menorca"},"content":{"rendered":"\n<p class=\"wp-block-paragraph\">Los faros tienen un poder de atracci\u00f3n especial, construidos generalmente en buc\u00f3licos enclaves han acabado convirti\u00e9ndose en bellas atracciones por derecho propio. Son mucho m\u00e1s que instrumentos de navegaci\u00f3n utilizados a lo largo de los siglos para evitar que los barcos naufragaran enfrente de las costas, son id\u00edlicos dise\u00f1os que reflejan desde la arquitectura m\u00e1s tradicional hasta modernas proezas arquitect\u00f3nicas.&nbsp;&nbsp;<\/p>\n\n\n\n<p class=\"wp-block-paragraph\">Los faros de Menorca despiertan gran inter\u00e9s, no es usual encontrar tantos faros, en tan s\u00f3lo 216 km de costa, levant\u00e1ndose majestuosamente en los enclaves m\u00e1s rec\u00f3nditos del agreste litoral de la isla. Contemplar las azules aguas turquesa del Mediterr\u00e1neo o las impresionantes puestas de sol envueltos de ese halo de misterio y romanticismo que desprenden este tipo de edificios ser\u00e1 una experiencia que no podr\u00e1s olvidar.<\/p>\n\n\n\n<h2 class=\"wp-block-heading\">Una experiencia diferente para conocer Menorca<\/h2>\n\n\n\n<p class=\"wp-block-paragraph\">Si quieres experimentar esta m\u00e1gica atm\u00f3sfera, a continuaci\u00f3n te invitamos a descubrir los 7 faros de la isla, en un recorrido que transcurre en paralelo al hist\u00f3rico Cam\u00ed dels Cavalls entre espectaculares acantilados playas de brillantes aguas de color turquesa.<\/p>\n\n\n\n<h3 class=\"wp-block-heading\"><strong>1. Faro de Punta de sa Farola: Enclave urbano<\/strong><\/h3>\n\n\n\n<p class=\"wp-block-paragraph\">Conocido tambi\u00e9n como el Faro de Ciutadella, se encuentra situado en la bocana del puerto natural de la ciudad. Con tan s\u00f3lo 13 metros de altura y 21 m sobre el nivel del mar, es el faro m\u00e1s peque\u00f1o de Menorca. Fue construido para alumbrar la entrada al puerto entre 1860 y 1863, a\u00f1o en el que se cree que se inaugur\u00f3 para facilitar la entrada de las embarcaciones al puerto antiguo.\u00a0\u00a0<\/p>\n\n\n\n<div class=\"wp-block-image\"><figure class=\"aligncenter size-large\"><img loading=\"lazy\" decoding=\"async\" width=\"649\" height=\"360\" src=\"https:\/\/www.mautervillas.es\/blog\/wp-content\/uploads\/2022\/01\/Faro-de-Punta-de-sa-Farola.jpg\" alt=\"Faro de Punta de sa Farola\" class=\"wp-image-322\"\/><\/figure><\/div>\n\n\n\n<p class=\"wp-block-paragraph\">La construcci\u00f3n ha sufrido modificaciones a lo largo de la historia, como el muro de contenci\u00f3n construido en 1876 a su alrededor para protegerlo de inundaciones durante los fuertes oleajes. Fue de los primeros faros en las Baleares en adoptar un sistema de alumbrado el\u00e9ctrico en 1918, esto supuso la necesidad de que habitase un farero y se construy\u00f3 una vivienda que a d\u00eda de hoy sigue siendo el hogar del responsable de los 3 faros de Ciutadella (Sa Farola, Punta Nat\u00ed y Artrutx).<\/p>\n\n\n\n<p class=\"wp-block-paragraph\">Situado a tan s\u00f3lo un kil\u00f3metro del centro de Ciutadella, es el faro m\u00e1s urbano que encontrar\u00e1s en la isla aunque no por esto defraudar\u00e1 su visita. Podr\u00e1s disfrutar de unas maravillosas vistas del puerto y del Castillo de San Nicol\u00e1s.<\/p>\n\n\n\n<h3 class=\"wp-block-heading\"><strong>2. Faro de Artrutx: Un aperitivo con vistas a Mallorca<\/strong><\/h3>\n\n\n\n<p class=\"wp-block-paragraph\">A unos 7 km de Ciutadella se encuentra el Cabo de Artrutx, donde se construy\u00f3 este faro en 1858. Situado en el extremo suroeste de la isla, el Faro de Artrutx indica el extremo menorqu\u00edn del estrecho que forman las islas de Menorca y Mallorca as\u00ed como el \u201cfreu\u201d un dique natural bajo el agua que ofrece refugio a las embarcaciones en los d\u00edas de tormenta.<\/p>\n\n\n\n<p class=\"wp-block-paragraph\">Su ic\u00f3nica torre, con franjas negras y blancas, alcanza los 34 m de altura.\u00a0 Es uno de los faros m\u00e1s visitados, ya que desde aqu\u00ed pueden contemplarse buenas puestas de sol. En los d\u00edas claros sin niebla desde aqu\u00ed puede verse la isla de Mallorca.\u00a0<\/p>\n\n\n\n<div class=\"wp-block-image\"><figure class=\"aligncenter size-large\"><img loading=\"lazy\" decoding=\"async\" width=\"759\" height=\"502\" src=\"https:\/\/www.mautervillas.es\/blog\/wp-content\/uploads\/2022\/01\/Faro-de-Artrutx.jpg\" alt=\"Faro de Artrutx\" class=\"wp-image-330\"\/><\/figure><\/div>\n\n\n\n<p class=\"wp-block-paragraph\">Aunque est\u00e1 rodeado por la urbanizaci\u00f3n que lleva el mismo nombre, donde podr\u00e1s reservar una de nuestras <a href=\"https:\/\/www.mautervillas.es\/alquiler\/alquileres-cap-d-artruix-d216149\/\">villas en Artrutx<\/a>, es un lugar con encanto para disfrutar del paisaje e inmortalizar el momento con unas buenas fotos de la imponente torre en contraste con el azul del mar. Adem\u00e1s es el lugar perfecto para disfrutar de la gastronom\u00eda menorquina en el restaurante ubicado en las antiguas casas de los fareros y disfrutar de un aperitivo es la terraza con incre\u00edbles vistas al mar.\u00a0<\/p>\n\n\n\n<h3 class=\"wp-block-heading\">3. Faro de l\u2019Illa de l\u2019Aire: Una atalaya aislada<\/h3>\n\n\n\n<p class=\"wp-block-paragraph\">Inaugurado en 1860, el faro est\u00e1 situado en el peque\u00f1o islote Illa del Aire en el extremo sureste de Menorca, a 1 km de distancia de la playa de Punta Prima.&nbsp; Cuenta con una altura de 38 m de altura (53 sobre el nivel del mar), que lo convierte en el faro m\u00e1s alto de la isla.&nbsp;<\/p>\n\n\n\n<p class=\"wp-block-paragraph\">Al faro de l\u2019Illa de l\u2019Aire s\u00f3lo se puede acceder por mar. La torre cuenta tambi\u00e9n con las peculiares bandas negras y blancas y cuenta con una casa que albergaba antiguamente a las familias de los fareros.<\/p>\n\n\n\n<div class=\"wp-block-image\"><figure class=\"aligncenter size-large\"><img loading=\"lazy\" decoding=\"async\" width=\"700\" height=\"464\" src=\"https:\/\/www.mautervillas.es\/blog\/wp-content\/uploads\/2022\/01\/Faro-de-lIlla-de-lAire.jpg\" alt=\"Faro de l\u2019Illa de l\u2019Aire\" class=\"wp-image-324\" srcset=\"https:\/\/www.mautervillas.es\/blog\/wp-content\/uploads\/2022\/01\/Faro-de-lIlla-de-lAire.jpg 700w, https:\/\/www.mautervillas.es\/blog\/wp-content\/uploads\/2022\/01\/Faro-de-lIlla-de-lAire-360x240.jpg 360w\" sizes=\"auto, (max-width: 700px) 100vw, 700px\" \/><\/figure><\/div>\n\n\n\n<p class=\"wp-block-paragraph\">Este inh\u00f3spito islote, es conocido por su inestimable valor ecol\u00f3gico, ya que en \u00e9l habita la lagartija negra, especie t\u00edpica de Menorca, as\u00ed como una gran variedad de aves aut\u00f3ctonas. Tambi\u00e9n anidan aqu\u00ed durante la \u00e9poca de cr\u00eda otras especies durante su paso migratorio.<\/p>\n\n\n\n<h3 class=\"wp-block-heading\">4. Faro de Sant Carles: el primer faro de Menorca<\/h3>\n\n\n\n<p class=\"wp-block-paragraph\">Llegamos a la ciudad de Ma\u00f3 para visitar el Faro de Sant Carles, ubicado en la bocana del puerto natural de la capital menorquina. Construido en 1852 es considerado el primer faro de la isla, aunque se reconstruy\u00f3 en 1912 debido a que el original obstaculizaba pr\u00e1cticas de tiro de la bater\u00eda militar instalada en el Castillo de Sant Felip.&nbsp;<\/p>\n\n\n\n<p class=\"wp-block-paragraph\">El faro demolido se sustituy\u00f3 por un farol m\u00f3vil colocado sobre un pescante met\u00e1lico que no entorpec\u00eda las pr\u00e1cticas militares.<\/p>\n\n\n\n<p class=\"wp-block-paragraph\">Desde este enclave el visitante podr\u00e1 disfrutar de la belleza de la costa y de unas vistas privilegiadas de la fortaleza de la Mola.&nbsp;<\/p>\n\n\n\n<h3 class=\"wp-block-heading\">5. Faro de Fav\u00e0ritx: Misticismo lunar<\/h3>\n\n\n\n<p class=\"wp-block-paragraph\">Se encuentra situado en el Cabo de F\u00e0varitx, en medio del Parque de la Albufera des Grau. El faro de unos 30m de altura fue construido en 1922, para intentar acabar con los naufragios que se produc\u00edan en esta zona de la costa norte de la isla, se asienta sobre rocas de pizarra negra y rodeado de un entorno \u00e1rido y erosionado que recuerda al paisaje lunar debido a que se encuentra en uno de los puntos de la isla donde m\u00e1s fuerte sopla la Tramuntana.\u00a0<\/p>\n\n\n\n<div class=\"wp-block-image\"><figure class=\"aligncenter size-large\"><img loading=\"lazy\" decoding=\"async\" width=\"700\" height=\"280\" src=\"https:\/\/www.mautervillas.es\/blog\/wp-content\/uploads\/2022\/01\/Faro-de-Fava\u0300ritx.jpg\" alt=\"Faro de Fava\u0300ritx\" class=\"wp-image-332\"\/><\/figure><\/div>\n\n\n\n<p class=\"wp-block-paragraph\">Es uno de los faros m\u00e1s modernos de la isla, que desprende un aura m\u00e1gico debido al des\u00e9rtico paraje a su alrededor. Existen muchas leyendas sobre este m\u00edstico lugar, una de las m\u00e1s comunes es la de depositar una piedra sobre alguna de las&nbsp; numerosas pilas de piedras que ya existen para que el faro conceda el deseo de volver a Menorca.&nbsp;<\/p>\n\n\n\n<p class=\"wp-block-paragraph\">Acercarse al faro para disfrutar de impresionantes puestas de sol de la isla no te dejar\u00e1 indiferente. Sentir la paz, el viento en la cara y la energ\u00eda que carga este lugar har\u00e1 que se detenga el tiempo. Si quieres conocer las tierras de plata, visita el faro las noches de luna llena, para contemplar el espect\u00e1culo de ver como la luna refleja sobre las rocas de pizarra negra.&nbsp;<\/p>\n\n\n\n<h3 class=\"wp-block-heading\">6. Faro de Cavalleria: La costa m\u00e1s salvaje de la isla<\/h3>\n\n\n\n<p class=\"wp-block-paragraph\">Situado en el punto m\u00e1s al norte de la isla, es uno de los faros m\u00e1s conocidos. Fue el primer faro que se construy\u00f3 en esta parte de la isla sobre 1857 para evitar los numerosos naufragios que ten\u00edan lugar debido a los abruptos acantilados de la zona.<\/p>\n\n\n\n<p class=\"wp-block-paragraph\">Es uno de los faros m\u00e1s peculiares de la isla, ya que se encuentra situado sobre unos acantilados de 40 m de altura, y que sit\u00faan la construcci\u00f3n a 90 m sobre el nivel del mar.\u00a0<\/p>\n\n\n\n<div class=\"wp-block-image\"><figure class=\"aligncenter size-large\"><img loading=\"lazy\" decoding=\"async\" width=\"700\" height=\"492\" src=\"https:\/\/www.mautervillas.es\/blog\/wp-content\/uploads\/2022\/01\/Faro-de-Cavalleria.jpg\" alt=\"Faro de Cavaller\u00eda en Menorca\" class=\"wp-image-328\"\/><\/figure><\/div>\n\n\n\n<p class=\"wp-block-paragraph\">El paisaje que encontramos es el t\u00edpico de esta parte de la isla, escarpado y abrupto con rocas fuertemente erosionadas a causa de la Tramuntana. Desde los espectaculares acantilados tendr\u00e1s unas de las mejores vistas y tambi\u00e9n de <a href=\"https:\/\/www.mautervillas.es\/blog\/viaje-menorca-pareja-romantico\/\">rom\u00e1nticas puestas de sol<\/a>. Al lado del faro se encuentra una peque\u00f1a cueva en la que si nos adentrarnos unos pocos metros podremos disfrutar de unas vistas fant\u00e1sticas de l\u2019Illa des Porros.<\/p>\n\n\n\n<h3 class=\"wp-block-heading\">7. Faro de Punta Nat\u00ed: Un atardecer inolvidable<\/h3>\n\n\n\n<p class=\"wp-block-paragraph\">Ubicado en el nordeste de la isla, el Faro de Punta Nat\u00ed se construy\u00f3 en 1912. Las aguas del norte de Menorca son peligrosas debido a las corrientes,\u00a0 a lo escarpado del terreno y a los arrecifes bajo el mar causaron antiguamente m\u00e1s de 700 naufragios. Con una torre de 19 metros de altura y planta hexagonal se alza a 42m sobre el nivel del mar.\u00a0<\/p>\n\n\n\n<div class=\"wp-block-image\"><figure class=\"aligncenter size-large\"><img loading=\"lazy\" decoding=\"async\" width=\"609\" height=\"407\" src=\"https:\/\/www.mautervillas.es\/blog\/wp-content\/uploads\/2022\/01\/Faro-de-Punta-Nati\u0301.jpg\" alt=\"Faro de Punta Nati\u0301\" class=\"wp-image-326\" srcset=\"https:\/\/www.mautervillas.es\/blog\/wp-content\/uploads\/2022\/01\/Faro-de-Punta-Nati\u0301.jpg 609w, https:\/\/www.mautervillas.es\/blog\/wp-content\/uploads\/2022\/01\/Faro-de-Punta-Nati\u0301-360x240.jpg 360w\" sizes=\"auto, (max-width: 609px) 100vw, 609px\" \/><\/figure><\/div>\n\n\n\n<p class=\"wp-block-paragraph\">A pesar de los altos acantilados de la zona sorprende su relieve plano y pedregoso, motivo por lo que este \u00e1rea de la isla es conocida como la Menorca seca que atrapar\u00e1 al visitante por lo des\u00e9rtico del paraje. Cerca del faro se puede visitar el Bufador, una grieta en el terreno que llega hasta el mar y por d\u00f3nde las olas expulsan impresionantes columnas de agua y viento. En los d\u00edas de tormenta observar este fen\u00f3meno natural es sencillamente un espect\u00e1culo.<\/p>\n\n\n\n<h2 class=\"wp-block-heading\">La ruta de los faros de Menorca desde tu villa para vacaciones<\/h2>\n\n\n\n<p class=\"wp-block-paragraph\">En Mauter Villas ponemos a tu disposici\u00f3n una gran selecci\u00f3n de alquileres vacacionales para que pases unas vacaciones perfectas en esta isla tan llena de lugares tur\u00edsticos. Podr\u00e1s recorrer estos faros y sus espectaculares vistas con un coche de alquiler desde una de nuestras <a href=\"https:\/\/www.mautervillas.es\/\">villas en Menorca<\/a> que podr\u00e1s reservar para tus fechas ideales. Consulta entre nuestros alojamientos y descubre d\u00f3nde empieza tu viaje a nuestro destino.<\/p>\n","protected":false},"excerpt":{"rendered":"<p>Te descubrimos un planazo para tu estancia en Menorca: una ruta por sus 7 faros. Disfruta de las vistas m\u00e1s incre\u00edbles de su costa.<\/p>\n","protected":false},"author":2,"featured_media":334,"comment_status":"open","ping_status":"closed","sticky":false,"template":"","format":"standard","meta":{"footnotes":""},"categories":[4],"tags":[],"class_list":["post-321","post","type-post","status-publish","format-standard","has-post-thumbnail","hentry","category-que-ver"],"yoast_head":"<!-- This site is optimized with the Yoast SEO plugin v20.6 - https:\/\/yoast.com\/wordpress\/plugins\/seo\/ -->\n<title>Ruta por los 7 faros de Menorca - Mauter Villas<\/title>\n<meta name=\"description\" content=\"Te descubrimos un planazo para tu estancia en Menorca: una ruta por sus 7 faros. Disfruta de las vistas m\u00e1s incre\u00edbles de su costa.\" \/>\n<meta name=\"robots\" content=\"index, follow, max-snippet:-1, max-image-preview:large, max-video-preview:-1\" \/>\n<link rel=\"canonical\" href=\"https:\/\/www.mautervillas.es\/blog\/ruta-7-faros-menorca\/\" \/>\n<meta property=\"og:locale\" content=\"es_ES\" \/>\n<meta property=\"og:type\" content=\"article\" \/>\n<meta property=\"og:title\" content=\"Ruta por los 7 faros de Menorca - Mauter Villas\" \/>\n<meta property=\"og:description\" content=\"Te descubrimos un planazo para tu estancia en Menorca: una ruta por sus 7 faros. Disfruta de las vistas m\u00e1s incre\u00edbles de su costa.\" \/>\n<meta property=\"og:url\" content=\"https:\/\/www.mautervillas.es\/blog\/ruta-7-faros-menorca\/\" \/>\n<meta property=\"og:site_name\" content=\"Mauter Villas\" \/>\n<meta property=\"article:published_time\" content=\"2022-01-04T19:19:56+00:00\" \/>\n<meta property=\"article:modified_time\" content=\"2022-01-04T19:19:57+00:00\" \/>\n<meta property=\"og:image\" content=\"https:\/\/www.mautervillas.es\/blog\/wp-content\/uploads\/2022\/01\/faro-menorca-01.jpg\" \/>\n\t<meta property=\"og:image:width\" content=\"813\" \/>\n\t<meta property=\"og:image:height\" content=\"542\" \/>\n\t<meta property=\"og:image:type\" content=\"image\/jpeg\" \/>\n<meta name=\"author\" content=\"mautervillas\" \/>\n<meta name=\"twitter:card\" content=\"summary_large_image\" \/>\n<meta name=\"twitter:label1\" content=\"Escrito por\" \/>\n\t<meta name=\"twitter:data1\" content=\"mautervillas\" \/>\n\t<meta name=\"twitter:label2\" content=\"Tiempo de lectura\" \/>\n\t<meta name=\"twitter:data2\" content=\"8 minutos\" \/>\n<script type=\"application\/ld+json\" class=\"yoast-schema-graph\">{\"@context\":\"https:\/\/schema.org\",\"@graph\":[{\"@type\":\"WebPage\",\"@id\":\"https:\/\/www.mautervillas.es\/blog\/ruta-7-faros-menorca\/\",\"url\":\"https:\/\/www.mautervillas.es\/blog\/ruta-7-faros-menorca\/\",\"name\":\"Ruta por los 7 faros de Menorca - Mauter Villas\",\"isPartOf\":{\"@id\":\"https:\/\/www.mautervillas.es\/blog\/#website\"},\"datePublished\":\"2022-01-04T19:19:56+00:00\",\"dateModified\":\"2022-01-04T19:19:57+00:00\",\"author\":{\"@id\":\"https:\/\/www.mautervillas.es\/blog\/#\/schema\/person\/54cf2feb092752231f0ca767e13effee\"},\"description\":\"Te descubrimos un planazo para tu estancia en Menorca: una ruta por sus 7 faros. Disfruta de las vistas m\u00e1s incre\u00edbles de su costa.\",\"breadcrumb\":{\"@id\":\"https:\/\/www.mautervillas.es\/blog\/ruta-7-faros-menorca\/#breadcrumb\"},\"inLanguage\":\"es\",\"potentialAction\":[{\"@type\":\"ReadAction\",\"target\":[\"https:\/\/www.mautervillas.es\/blog\/ruta-7-faros-menorca\/\"]}]},{\"@type\":\"BreadcrumbList\",\"@id\":\"https:\/\/www.mautervillas.es\/blog\/ruta-7-faros-menorca\/#breadcrumb\",\"itemListElement\":[{\"@type\":\"ListItem\",\"position\":1,\"name\":\"Portada\",\"item\":\"https:\/\/www.mautervillas.es\/blog\/\"},{\"@type\":\"ListItem\",\"position\":2,\"name\":\"Ruta por los 7 faros de Menorca\"}]},{\"@type\":\"WebSite\",\"@id\":\"https:\/\/www.mautervillas.es\/blog\/#website\",\"url\":\"https:\/\/www.mautervillas.es\/blog\/\",\"name\":\"Mauter Villas\",\"description\":\"Mautervillas\",\"potentialAction\":[{\"@type\":\"SearchAction\",\"target\":{\"@type\":\"EntryPoint\",\"urlTemplate\":\"https:\/\/www.mautervillas.es\/blog\/?s={search_term_string}\"},\"query-input\":\"required name=search_term_string\"}],\"inLanguage\":\"es\"},{\"@type\":\"Person\",\"@id\":\"https:\/\/www.mautervillas.es\/blog\/#\/schema\/person\/54cf2feb092752231f0ca767e13effee\",\"name\":\"mautervillas\",\"image\":{\"@type\":\"ImageObject\",\"inLanguage\":\"es\",\"@id\":\"https:\/\/www.mautervillas.es\/blog\/#\/schema\/person\/image\/\",\"url\":\"https:\/\/secure.gravatar.com\/avatar\/b4995f53b9941a4c2f7ad71dd46886c21ceca85a6a231dad5441008abeed428c?s=96&d=mm&r=g\",\"contentUrl\":\"https:\/\/secure.gravatar.com\/avatar\/b4995f53b9941a4c2f7ad71dd46886c21ceca85a6a231dad5441008abeed428c?s=96&d=mm&r=g\",\"caption\":\"mautervillas\"},\"url\":\"https:\/\/www.mautervillas.es\/blog\/author\/mautervillas\/\"}]}<\/script>\n<!-- \/ Yoast SEO plugin. -->","yoast_head_json":{"title":"Ruta por los 7 faros de Menorca - Mauter Villas","description":"Te descubrimos un planazo para tu estancia en Menorca: una ruta por sus 7 faros. Disfruta de las vistas m\u00e1s incre\u00edbles de su costa.","robots":{"index":"index","follow":"follow","max-snippet":"max-snippet:-1","max-image-preview":"max-image-preview:large","max-video-preview":"max-video-preview:-1"},"canonical":"https:\/\/www.mautervillas.es\/blog\/ruta-7-faros-menorca\/","og_locale":"es_ES","og_type":"article","og_title":"Ruta por los 7 faros de Menorca - Mauter Villas","og_description":"Te descubrimos un planazo para tu estancia en Menorca: una ruta por sus 7 faros. Disfruta de las vistas m\u00e1s incre\u00edbles de su costa.","og_url":"https:\/\/www.mautervillas.es\/blog\/ruta-7-faros-menorca\/","og_site_name":"Mauter Villas","article_published_time":"2022-01-04T19:19:56+00:00","article_modified_time":"2022-01-04T19:19:57+00:00","og_image":[{"width":813,"height":542,"url":"https:\/\/www.mautervillas.es\/blog\/wp-content\/uploads\/2022\/01\/faro-menorca-01.jpg","type":"image\/jpeg"}],"author":"mautervillas","twitter_card":"summary_large_image","twitter_misc":{"Escrito por":"mautervillas","Tiempo de lectura":"8 minutos"},"schema":{"@context":"https:\/\/schema.org","@graph":[{"@type":"WebPage","@id":"https:\/\/www.mautervillas.es\/blog\/ruta-7-faros-menorca\/","url":"https:\/\/www.mautervillas.es\/blog\/ruta-7-faros-menorca\/","name":"Ruta por los 7 faros de Menorca - Mauter Villas","isPartOf":{"@id":"https:\/\/www.mautervillas.es\/blog\/#website"},"datePublished":"2022-01-04T19:19:56+00:00","dateModified":"2022-01-04T19:19:57+00:00","author":{"@id":"https:\/\/www.mautervillas.es\/blog\/#\/schema\/person\/54cf2feb092752231f0ca767e13effee"},"description":"Te descubrimos un planazo para tu estancia en Menorca: una ruta por sus 7 faros. Disfruta de las vistas m\u00e1s incre\u00edbles de su costa.","breadcrumb":{"@id":"https:\/\/www.mautervillas.es\/blog\/ruta-7-faros-menorca\/#breadcrumb"},"inLanguage":"es","potentialAction":[{"@type":"ReadAction","target":["https:\/\/www.mautervillas.es\/blog\/ruta-7-faros-menorca\/"]}]},{"@type":"BreadcrumbList","@id":"https:\/\/www.mautervillas.es\/blog\/ruta-7-faros-menorca\/#breadcrumb","itemListElement":[{"@type":"ListItem","position":1,"name":"Portada","item":"https:\/\/www.mautervillas.es\/blog\/"},{"@type":"ListItem","position":2,"name":"Ruta por los 7 faros de Menorca"}]},{"@type":"WebSite","@id":"https:\/\/www.mautervillas.es\/blog\/#website","url":"https:\/\/www.mautervillas.es\/blog\/","name":"Mauter Villas","description":"Mautervillas","potentialAction":[{"@type":"SearchAction","target":{"@type":"EntryPoint","urlTemplate":"https:\/\/www.mautervillas.es\/blog\/?s={search_term_string}"},"query-input":"required name=search_term_string"}],"inLanguage":"es"},{"@type":"Person","@id":"https:\/\/www.mautervillas.es\/blog\/#\/schema\/person\/54cf2feb092752231f0ca767e13effee","name":"mautervillas","image":{"@type":"ImageObject","inLanguage":"es","@id":"https:\/\/www.mautervillas.es\/blog\/#\/schema\/person\/image\/","url":"https:\/\/secure.gravatar.com\/avatar\/b4995f53b9941a4c2f7ad71dd46886c21ceca85a6a231dad5441008abeed428c?s=96&d=mm&r=g","contentUrl":"https:\/\/secure.gravatar.com\/avatar\/b4995f53b9941a4c2f7ad71dd46886c21ceca85a6a231dad5441008abeed428c?s=96&d=mm&r=g","caption":"mautervillas"},"url":"https:\/\/www.mautervillas.es\/blog\/author\/mautervillas\/"}]}},"amp_enabled":true,"_links":{"self":[{"href":"https:\/\/www.mautervillas.es\/blog\/wp-json\/wp\/v2\/posts\/321","targetHints":{"allow":["GET"]}}],"collection":[{"href":"https:\/\/www.mautervillas.es\/blog\/wp-json\/wp\/v2\/posts"}],"about":[{"href":"https:\/\/www.mautervillas.es\/blog\/wp-json\/wp\/v2\/types\/post"}],"author":[{"embeddable":true,"href":"https:\/\/www.mautervillas.es\/blog\/wp-json\/wp\/v2\/users\/2"}],"replies":[{"embeddable":true,"href":"https:\/\/www.mautervillas.es\/blog\/wp-json\/wp\/v2\/comments?post=321"}],"version-history":[{"count":1,"href":"https:\/\/www.mautervillas.es\/blog\/wp-json\/wp\/v2\/posts\/321\/revisions"}],"predecessor-version":[{"id":336,"href":"https:\/\/www.mautervillas.es\/blog\/wp-json\/wp\/v2\/posts\/321\/revisions\/336"}],"wp:featuredmedia":[{"embeddable":true,"href":"https:\/\/www.mautervillas.es\/blog\/wp-json\/wp\/v2\/media\/334"}],"wp:attachment":[{"href":"https:\/\/www.mautervillas.es\/blog\/wp-json\/wp\/v2\/media?parent=321"}],"wp:term":[{"taxonomy":"category","embeddable":true,"href":"https:\/\/www.mautervillas.es\/blog\/wp-json\/wp\/v2\/categories?post=321"},{"taxonomy":"post_tag","embeddable":true,"href":"https:\/\/www.mautervillas.es\/blog\/wp-json\/wp\/v2\/tags?post=321"}],"curies":[{"name":"wp","href":"https:\/\/api.w.org\/{rel}","templated":true}]}}