{"id":304,"date":"2021-11-04T14:46:48","date_gmt":"2021-11-04T13:46:48","guid":{"rendered":"https:\/\/www.mautervillas.es\/blog\/?p=304"},"modified":"2021-11-04T14:51:49","modified_gmt":"2021-11-04T13:51:49","slug":"mercadillos-artesania-productos-tipicos-menorca","status":"publish","type":"post","link":"https:\/\/www.mautervillas.es\/blog\/mercadillos-artesania-productos-tipicos-menorca\/","title":{"rendered":"Los mejores mercadillos de artesan\u00eda y productos t\u00edpicos de Menorca"},"content":{"rendered":"\n<p class=\"wp-block-paragraph\">No hay nada mejor que pasar unas <strong>vacaciones en Menorca<\/strong>. Sus incre\u00edbles calas de aguas turquesa, el sol, la naturaleza y un magn\u00edfico clima mediterr\u00e1neo que te permite disfrutar de la isla durante todo el a\u00f1o.<\/p>\n\n\n\n<p class=\"wp-block-paragraph\">Es por eso que a lo largo del a\u00f1o, aunque sobre todo durante los meses de verano, se celebran por toda la isla numerosos <strong>mercadillos de artesan\u00eda<\/strong> y de productos gastron\u00f3micos. Visitar estos mercadillos es una excelente oportunidad para conocer la cultura de la isla a trav\u00e9s de la artesan\u00eda y la gastronom\u00eda con sus productos t\u00edpicos.<\/p>\n\n\n\n<p class=\"wp-block-paragraph\">Durante las noches de verano tambi\u00e9n puedes visitar alguno de estos mercadillos una experiencia \u00fanica para conocer las t\u00edpicas <strong><em>Avarcas de Menorca<\/em><\/strong>, art\u00edculos de cuero, la <strong>flor de sal de Fornells<\/strong>, el <strong>queso de Mah\u00f3n<\/strong> o la sobrasada a la luz de la luna y a ritmo de la m\u00fasica del verano.<\/p>\n\n\n\n<p class=\"wp-block-paragraph\">Si tienes la suerte de visitar Menorca, te recomendamos que visites alguno de estos mercadillos para conocer el lado m\u00e1s tradicional y genuino de Menorca. A continuaci\u00f3n os presentamos nuestras recomendaciones con los mejores mercadillos de la isla:&nbsp;<\/p>\n\n\n\n<h2 class=\"wp-block-heading\">1. <strong>Mercadillos ambulantes\u00a0<\/strong><\/h2>\n\n\n\n<ul class=\"wp-block-list\"><li><strong>Mercadillo de Alaior<\/strong>: todos los jueves de 8:00 a 13:00h en la Av. del Pare Huguet<\/li><li><strong>Mercadillo de Ciudadela<\/strong>: lunes y viernes en Pla\u00e7a des Born. En invierno de 9:30 a 13:30 y en verano de 8:30 a 15:30h.<\/li><li><strong>Mercadillo de Es Castell<\/strong>: lunes y mi\u00e9rcoles de 8:00 a 13:00 en Pla\u00e7a de s&#8217;Esplanada.\u00a0<\/li><li><strong>Mercadillo Es Mercadal<\/strong>: domingos de 9:00 a 14:00h. en Pla\u00e7a del Pare Camps.\u00a0<\/li><li><strong>Mercadillo de Sant Lluis<\/strong>: lunes de 8:00 a 13:00h. en Pla de sa Creu.<\/li><li><strong>Mercadillo de Ma\u00f3<\/strong>: martes y s\u00e1bados de 8:00 a 13:00h. en Pla\u00e7a de s\u2019Esplanada.<\/li><li><strong>Mercadillo de Ferreries<\/strong>: viernes de 9:00 a 13:00h. en Pla\u00e7a Espanya.<\/li><\/ul>\n\n\n\n<figure class=\"wp-block-image size-large\"><img loading=\"lazy\" decoding=\"async\" width=\"700\" height=\"400\" src=\"https:\/\/www.mautervillas.es\/blog\/wp-content\/uploads\/2021\/11\/mercadillo-alaior.jpg\" alt=\"Mercadillo Alaior\" class=\"wp-image-310\"\/><\/figure>\n\n\n\n<h2 class=\"wp-block-heading\">2. <strong>Mercadillos de artesan\u00eda y agroalimentarios<\/strong><\/h2>\n\n\n\n<p class=\"wp-block-paragraph\"><strong>En Ma\u00f3:<\/strong><\/p>\n\n\n\n<ul class=\"wp-block-list\"><li><strong>Mercat del Peix<\/strong>, de martes a s\u00e1bado durante todo el a\u00f1o de 07:30 a 14:00 en la Plaza Espa\u00f1a. Mercado de venta de pescado fresco.<\/li><li><strong>Mercado artesano de Ma\u00f3<\/strong>, desde el 15 de junio al 31 de agosto,<strong> <\/strong>todos los mi\u00e9rcoles de 10:00 a 14:00 en la Plaza Espa\u00f1a. Mercado de artesan\u00eda hecha por residentes de Menorca.<\/li><li><strong>Agroma\u00f3<\/strong>, los domingos de 10:00 a 14:00h. durante todo el a\u00f1o en la Pla\u00e7a Reial, Carrer Nou i S&#8217;Arravaleta. Mercado de productos alimentarios sostenibles t\u00edpicos de Menorca.\u00a0\u00a0<\/li><li><strong>Feria de Navidad<\/strong>: durante el primer fin de semana de Diciembre de 11:00 a 21:00h. en la Plaza de la Conquesta.<\/li><li><strong>Mercado agroalimentario y artesanal de invierno<\/strong> <strong>Es Mercadal<\/strong>: del 1 de febrero al 31 de mayo, los martes de 10:00 a 13:30h. en la Calle Nou.<\/li><li><strong>Mercado agrario Ciutadella: <\/strong>los mi\u00e9rcoles y s\u00e1bados de 8:00 a 14:00 durante todo el a\u00f1o en la Pla\u00e7a de la Llibertat. Encontrar\u00e1s productos locales de las explotaciones agrarias de Menorca.<\/li><li><strong>Mercado artesanal y agroalimentario Ferreries<\/strong>: durante todo el a\u00f1o, los s\u00e1bados de 9:00 a 13:00h. en Pla\u00e7a Espanya.<\/li><\/ul>\n\n\n\n<figure class=\"wp-block-image size-large\"><img loading=\"lazy\" decoding=\"async\" width=\"700\" height=\"400\" src=\"https:\/\/www.mautervillas.es\/blog\/wp-content\/uploads\/2021\/11\/mercadillo-agroalimentario-mercadal.jpg\" alt=\"Mercadillo Agroalimentario de Mercadal\" class=\"wp-image-312\"\/><\/figure>\n\n\n\n<h2 class=\"wp-block-heading\">3. <strong>Mercadillos nocturnos<\/strong><\/h2>\n\n\n\n<ul class=\"wp-block-list\"><li><strong>Mercado de noche artesano de Alaior<\/strong>: durante los meses de verano, desde el primer mi\u00e9rcoles de junio hasta el segundo mi\u00e9rcoles de septiembre. Se celebra en el casco antiguo de 19:00 a 23:00h.<\/li><\/ul>\n\n\n\n<p class=\"wp-block-paragraph\"><strong>Alaior<\/strong> es uno de los pueblos con m\u00e1s encanto del interior de Menorca. Sus calles empedradas del casco antiguo lo hacen un lugar m\u00e1gico para disfrutar de estos mercadillos durante las noches de verano.<\/p>\n\n\n\n<ul class=\"wp-block-list\"><li><strong>Mercadillo nocturno de Es Castell<\/strong>: todos los lunes de julio y agosto de 20:00 a 00:00h en Carrer de Sant Josep.<\/li><\/ul>\n\n\n\n<p class=\"wp-block-paragraph\"><strong>Es Castell<\/strong> es la ciudad m\u00e1s oriental de Espa\u00f1a y la que tiene una mayor esencia brit\u00e1nica&nbsp; de la isla. Situada en el Puerto de Ma\u00f3, se fund\u00f3 en torno al Castill de Sant Felip, es una ciudad muy animada que conserva el trazado transversal original de sus calles que refleja sus ra\u00edces brit\u00e1nicas y su pasado militar.&nbsp;<\/p>\n\n\n\n<ul class=\"wp-block-list\"><li><strong>Mercadillo nocturno agroalimentario Es Mercadal<\/strong>, los jueves de junio a septiembre de 17:00 a 00:00h. en Pla\u00e7a Pare Camps, Carrer Nou, Pla\u00e7a Constituci\u00f3 y Carrer Major.<\/li><\/ul>\n\n\n\n<p class=\"wp-block-paragraph\">Es Mercadal es un pueblo del interor, situado justo a los pies del Monte Toro, el punto m\u00e1s alto de la isla. Es uno de los pueblos&nbsp; m\u00e1s bonitos y t\u00edpicos con sus casitas blancas donde podr\u00e1s degustar comida tradicional menorquina en sus numerosos restaurantes.<\/p>\n\n\n\n<ul class=\"wp-block-list\"><li><strong>Mercado Artesano de noche en Ferreries<\/strong>, los viernes de 19:00 a 01:00h del 1 de julio al 31 de agosto en las calles del centro.<\/li><\/ul>\n\n\n\n<p class=\"wp-block-paragraph\">Ferreries es un precioso pueblo encalado rodeado por unos de los paisajes m\u00e1s espectaculares de la islas. Es muy conocido su su industria del calzado y de muebles.<\/p>\n\n\n\n<figure class=\"wp-block-image size-large\"><img loading=\"lazy\" decoding=\"async\" width=\"700\" height=\"400\" src=\"https:\/\/www.mautervillas.es\/blog\/wp-content\/uploads\/2021\/11\/mercadillo-nocturno-menorca.jpg\" alt=\"Mercadillo nocturno en Menorca\" class=\"wp-image-308\"\/><\/figure>\n\n\n\n<p class=\"wp-block-paragraph\"><strong>Ciutadella:<\/strong><\/p>\n\n\n\n<ul class=\"wp-block-list\"><li><strong>Mercat de Costa,<\/strong> de lunes a domingo<strong> <\/strong>desde el 1 de junio al 30 de septiembre, de 19.00 a 01:00h. en la Costa Marina del Puerto de Ciutadella.<\/li><li><strong>Mercado de Capllonch<\/strong>: todos los d\u00edas desde el 1 de junio al 30 de septiembre de 19:00 a 24:00h. Los viernes y s\u00e1bados hasta la 01:00 en las Escaleras del Puerto de Ciutadella<\/li><li><strong>Mercado artesanal de la plaza de la Catedral<\/strong>: desde el 1 de agosto al 30 de septiembre, todos los lunes de 19:00 a 24:00 en la Plaza de la Catedral.<\/li><\/ul>\n\n\n\n<p class=\"wp-block-paragraph\">Ciutadella emana historia en cada una de sus calles y de su puerto. Los&nbsp; adoquines de sus callejuelas dedicadas a los antiguos patrones de los gremios medievales son el escenario perfecto para disfrutar de los mercados al aire libre.&nbsp;&nbsp;<\/p>\n\n\n\n<p class=\"wp-block-paragraph\">Las noches de verano en Menorca son m\u00e1gicas para pasear por las callejuelas de sus pueblos y disfrutar de la artesan\u00eda y los productos alimenticios de la isla. Tanto si decides visitar un mercadillo por la noche como por el d\u00eda te recomendamos&nbsp; confirmar el horario en la web del ayuntamiento del pueblo o de la ciudad que pueden sufrir alg\u00fan cambio de una temporada a otra.<\/p>\n","protected":false},"excerpt":{"rendered":"<p>No hay nada mejor que pasar unas vacaciones en Menorca. Sus incre\u00edbles calas de aguas turquesa, el sol, la naturaleza&#8230;<\/p>\n","protected":false},"author":2,"featured_media":305,"comment_status":"open","ping_status":"closed","sticky":false,"template":"","format":"standard","meta":{"footnotes":""},"categories":[4],"tags":[],"class_list":["post-304","post","type-post","status-publish","format-standard","has-post-thumbnail","hentry","category-que-ver"],"yoast_head":"<!-- This site is optimized with the Yoast SEO plugin v20.6 - https:\/\/yoast.com\/wordpress\/plugins\/seo\/ -->\n<title>Los mejores mercadillos de artesan\u00eda y productos t\u00edpicos de Menorca - Mauter Villas<\/title>\n<meta name=\"description\" content=\"Encuentra aqu\u00ed una selecci\u00f3n sobre d\u00f3nde encontrar los mejores mercadillos de Menorca, con los pr\u00f3ductos m\u00e1s t\u00edpicos y artesanales.\" \/>\n<meta name=\"robots\" content=\"index, follow, max-snippet:-1, max-image-preview:large, max-video-preview:-1\" \/>\n<link rel=\"canonical\" href=\"https:\/\/www.mautervillas.es\/blog\/mercadillos-artesania-productos-tipicos-menorca\/\" \/>\n<meta property=\"og:locale\" content=\"es_ES\" \/>\n<meta property=\"og:type\" content=\"article\" \/>\n<meta property=\"og:title\" content=\"Los mejores mercadillos de artesan\u00eda y productos t\u00edpicos de Menorca - Mauter Villas\" \/>\n<meta property=\"og:description\" content=\"Encuentra aqu\u00ed una selecci\u00f3n sobre d\u00f3nde encontrar los mejores mercadillos de Menorca, con los pr\u00f3ductos m\u00e1s t\u00edpicos y artesanales.\" \/>\n<meta property=\"og:url\" content=\"https:\/\/www.mautervillas.es\/blog\/mercadillos-artesania-productos-tipicos-menorca\/\" \/>\n<meta property=\"og:site_name\" content=\"Mauter Villas\" \/>\n<meta property=\"article:published_time\" content=\"2021-11-04T13:46:48+00:00\" \/>\n<meta property=\"article:modified_time\" content=\"2021-11-04T13:51:49+00:00\" \/>\n<meta property=\"og:image\" content=\"https:\/\/www.mautervillas.es\/blog\/wp-content\/uploads\/2021\/11\/mercadillos-menorca.jpg\" \/>\n\t<meta property=\"og:image:width\" content=\"700\" \/>\n\t<meta property=\"og:image:height\" content=\"400\" \/>\n\t<meta property=\"og:image:type\" content=\"image\/jpeg\" \/>\n<meta name=\"author\" content=\"mautervillas\" \/>\n<meta name=\"twitter:card\" content=\"summary_large_image\" \/>\n<meta name=\"twitter:label1\" content=\"Escrito por\" \/>\n\t<meta name=\"twitter:data1\" content=\"mautervillas\" \/>\n\t<meta name=\"twitter:label2\" content=\"Tiempo de lectura\" \/>\n\t<meta name=\"twitter:data2\" content=\"5 minutos\" \/>\n<script type=\"application\/ld+json\" class=\"yoast-schema-graph\">{\"@context\":\"https:\/\/schema.org\",\"@graph\":[{\"@type\":\"WebPage\",\"@id\":\"https:\/\/www.mautervillas.es\/blog\/mercadillos-artesania-productos-tipicos-menorca\/\",\"url\":\"https:\/\/www.mautervillas.es\/blog\/mercadillos-artesania-productos-tipicos-menorca\/\",\"name\":\"Los mejores mercadillos de artesan\u00eda y productos t\u00edpicos de Menorca - Mauter Villas\",\"isPartOf\":{\"@id\":\"https:\/\/www.mautervillas.es\/blog\/#website\"},\"datePublished\":\"2021-11-04T13:46:48+00:00\",\"dateModified\":\"2021-11-04T13:51:49+00:00\",\"author\":{\"@id\":\"https:\/\/www.mautervillas.es\/blog\/#\/schema\/person\/54cf2feb092752231f0ca767e13effee\"},\"description\":\"Encuentra aqu\u00ed una selecci\u00f3n sobre d\u00f3nde encontrar los mejores mercadillos de Menorca, con los pr\u00f3ductos m\u00e1s t\u00edpicos y artesanales.\",\"breadcrumb\":{\"@id\":\"https:\/\/www.mautervillas.es\/blog\/mercadillos-artesania-productos-tipicos-menorca\/#breadcrumb\"},\"inLanguage\":\"es\",\"potentialAction\":[{\"@type\":\"ReadAction\",\"target\":[\"https:\/\/www.mautervillas.es\/blog\/mercadillos-artesania-productos-tipicos-menorca\/\"]}]},{\"@type\":\"BreadcrumbList\",\"@id\":\"https:\/\/www.mautervillas.es\/blog\/mercadillos-artesania-productos-tipicos-menorca\/#breadcrumb\",\"itemListElement\":[{\"@type\":\"ListItem\",\"position\":1,\"name\":\"Portada\",\"item\":\"https:\/\/www.mautervillas.es\/blog\/\"},{\"@type\":\"ListItem\",\"position\":2,\"name\":\"Los mejores mercadillos de artesan\u00eda y productos t\u00edpicos de Menorca\"}]},{\"@type\":\"WebSite\",\"@id\":\"https:\/\/www.mautervillas.es\/blog\/#website\",\"url\":\"https:\/\/www.mautervillas.es\/blog\/\",\"name\":\"Mauter Villas\",\"description\":\"Mautervillas\",\"potentialAction\":[{\"@type\":\"SearchAction\",\"target\":{\"@type\":\"EntryPoint\",\"urlTemplate\":\"https:\/\/www.mautervillas.es\/blog\/?s={search_term_string}\"},\"query-input\":\"required name=search_term_string\"}],\"inLanguage\":\"es\"},{\"@type\":\"Person\",\"@id\":\"https:\/\/www.mautervillas.es\/blog\/#\/schema\/person\/54cf2feb092752231f0ca767e13effee\",\"name\":\"mautervillas\",\"image\":{\"@type\":\"ImageObject\",\"inLanguage\":\"es\",\"@id\":\"https:\/\/www.mautervillas.es\/blog\/#\/schema\/person\/image\/\",\"url\":\"https:\/\/secure.gravatar.com\/avatar\/b4995f53b9941a4c2f7ad71dd46886c21ceca85a6a231dad5441008abeed428c?s=96&d=mm&r=g\",\"contentUrl\":\"https:\/\/secure.gravatar.com\/avatar\/b4995f53b9941a4c2f7ad71dd46886c21ceca85a6a231dad5441008abeed428c?s=96&d=mm&r=g\",\"caption\":\"mautervillas\"},\"url\":\"https:\/\/www.mautervillas.es\/blog\/author\/mautervillas\/\"}]}<\/script>\n<!-- \/ Yoast SEO plugin. -->","yoast_head_json":{"title":"Los mejores mercadillos de artesan\u00eda y productos t\u00edpicos de Menorca - Mauter Villas","description":"Encuentra aqu\u00ed una selecci\u00f3n sobre d\u00f3nde encontrar los mejores mercadillos de Menorca, con los pr\u00f3ductos m\u00e1s t\u00edpicos y artesanales.","robots":{"index":"index","follow":"follow","max-snippet":"max-snippet:-1","max-image-preview":"max-image-preview:large","max-video-preview":"max-video-preview:-1"},"canonical":"https:\/\/www.mautervillas.es\/blog\/mercadillos-artesania-productos-tipicos-menorca\/","og_locale":"es_ES","og_type":"article","og_title":"Los mejores mercadillos de artesan\u00eda y productos t\u00edpicos de Menorca - Mauter Villas","og_description":"Encuentra aqu\u00ed una selecci\u00f3n sobre d\u00f3nde encontrar los mejores mercadillos de Menorca, con los pr\u00f3ductos m\u00e1s t\u00edpicos y artesanales.","og_url":"https:\/\/www.mautervillas.es\/blog\/mercadillos-artesania-productos-tipicos-menorca\/","og_site_name":"Mauter Villas","article_published_time":"2021-11-04T13:46:48+00:00","article_modified_time":"2021-11-04T13:51:49+00:00","og_image":[{"width":700,"height":400,"url":"https:\/\/www.mautervillas.es\/blog\/wp-content\/uploads\/2021\/11\/mercadillos-menorca.jpg","type":"image\/jpeg"}],"author":"mautervillas","twitter_card":"summary_large_image","twitter_misc":{"Escrito por":"mautervillas","Tiempo de lectura":"5 minutos"},"schema":{"@context":"https:\/\/schema.org","@graph":[{"@type":"WebPage","@id":"https:\/\/www.mautervillas.es\/blog\/mercadillos-artesania-productos-tipicos-menorca\/","url":"https:\/\/www.mautervillas.es\/blog\/mercadillos-artesania-productos-tipicos-menorca\/","name":"Los mejores mercadillos de artesan\u00eda y productos t\u00edpicos de Menorca - Mauter Villas","isPartOf":{"@id":"https:\/\/www.mautervillas.es\/blog\/#website"},"datePublished":"2021-11-04T13:46:48+00:00","dateModified":"2021-11-04T13:51:49+00:00","author":{"@id":"https:\/\/www.mautervillas.es\/blog\/#\/schema\/person\/54cf2feb092752231f0ca767e13effee"},"description":"Encuentra aqu\u00ed una selecci\u00f3n sobre d\u00f3nde encontrar los mejores mercadillos de Menorca, con los pr\u00f3ductos m\u00e1s t\u00edpicos y artesanales.","breadcrumb":{"@id":"https:\/\/www.mautervillas.es\/blog\/mercadillos-artesania-productos-tipicos-menorca\/#breadcrumb"},"inLanguage":"es","potentialAction":[{"@type":"ReadAction","target":["https:\/\/www.mautervillas.es\/blog\/mercadillos-artesania-productos-tipicos-menorca\/"]}]},{"@type":"BreadcrumbList","@id":"https:\/\/www.mautervillas.es\/blog\/mercadillos-artesania-productos-tipicos-menorca\/#breadcrumb","itemListElement":[{"@type":"ListItem","position":1,"name":"Portada","item":"https:\/\/www.mautervillas.es\/blog\/"},{"@type":"ListItem","position":2,"name":"Los mejores mercadillos de artesan\u00eda y productos t\u00edpicos de Menorca"}]},{"@type":"WebSite","@id":"https:\/\/www.mautervillas.es\/blog\/#website","url":"https:\/\/www.mautervillas.es\/blog\/","name":"Mauter Villas","description":"Mautervillas","potentialAction":[{"@type":"SearchAction","target":{"@type":"EntryPoint","urlTemplate":"https:\/\/www.mautervillas.es\/blog\/?s={search_term_string}"},"query-input":"required name=search_term_string"}],"inLanguage":"es"},{"@type":"Person","@id":"https:\/\/www.mautervillas.es\/blog\/#\/schema\/person\/54cf2feb092752231f0ca767e13effee","name":"mautervillas","image":{"@type":"ImageObject","inLanguage":"es","@id":"https:\/\/www.mautervillas.es\/blog\/#\/schema\/person\/image\/","url":"https:\/\/secure.gravatar.com\/avatar\/b4995f53b9941a4c2f7ad71dd46886c21ceca85a6a231dad5441008abeed428c?s=96&d=mm&r=g","contentUrl":"https:\/\/secure.gravatar.com\/avatar\/b4995f53b9941a4c2f7ad71dd46886c21ceca85a6a231dad5441008abeed428c?s=96&d=mm&r=g","caption":"mautervillas"},"url":"https:\/\/www.mautervillas.es\/blog\/author\/mautervillas\/"}]}},"amp_enabled":true,"_links":{"self":[{"href":"https:\/\/www.mautervillas.es\/blog\/wp-json\/wp\/v2\/posts\/304","targetHints":{"allow":["GET"]}}],"collection":[{"href":"https:\/\/www.mautervillas.es\/blog\/wp-json\/wp\/v2\/posts"}],"about":[{"href":"https:\/\/www.mautervillas.es\/blog\/wp-json\/wp\/v2\/types\/post"}],"author":[{"embeddable":true,"href":"https:\/\/www.mautervillas.es\/blog\/wp-json\/wp\/v2\/users\/2"}],"replies":[{"embeddable":true,"href":"https:\/\/www.mautervillas.es\/blog\/wp-json\/wp\/v2\/comments?post=304"}],"version-history":[{"count":2,"href":"https:\/\/www.mautervillas.es\/blog\/wp-json\/wp\/v2\/posts\/304\/revisions"}],"predecessor-version":[{"id":314,"href":"https:\/\/www.mautervillas.es\/blog\/wp-json\/wp\/v2\/posts\/304\/revisions\/314"}],"wp:featuredmedia":[{"embeddable":true,"href":"https:\/\/www.mautervillas.es\/blog\/wp-json\/wp\/v2\/media\/305"}],"wp:attachment":[{"href":"https:\/\/www.mautervillas.es\/blog\/wp-json\/wp\/v2\/media?parent=304"}],"wp:term":[{"taxonomy":"category","embeddable":true,"href":"https:\/\/www.mautervillas.es\/blog\/wp-json\/wp\/v2\/categories?post=304"},{"taxonomy":"post_tag","embeddable":true,"href":"https:\/\/www.mautervillas.es\/blog\/wp-json\/wp\/v2\/tags?post=304"}],"curies":[{"name":"wp","href":"https:\/\/api.w.org\/{rel}","templated":true}]}}