{"id":292,"date":"2021-08-31T20:33:17","date_gmt":"2021-08-31T18:33:17","guid":{"rendered":"https:\/\/www.mautervillas.es\/blog\/?p=292"},"modified":"2021-08-31T20:33:18","modified_gmt":"2021-08-31T18:33:18","slug":"cala-porter-menorca","status":"publish","type":"post","link":"https:\/\/www.mautervillas.es\/blog\/cala-porter-menorca\/","title":{"rendered":"Explora Menorca: Qu\u00e9 hacer en Cala en Porter"},"content":{"rendered":"\n<p class=\"wp-block-paragraph\">Situada en la costa sur de Menorca, Cala en Porter es una conocida playa de fin\u00edsima arena blanca y aguas azul turquesa. Su ubicaci\u00f3n entre 2 acantilados hace que esta cala tenga aguas tranquilas, poco profundas y sin oleaje lo que la convierte en una gran piscina natural en pleno Mediterr\u00e1neo. Ideal para disfrutar de divertidas jornadas de playa en familia.<\/p>\n\n\n\n<p class=\"wp-block-paragraph\">La playa de Cala en Porter es muy c\u00f3moda si viajas con ni\u00f1os, ya que cuenta con socorrista, duchas, tumbonas y sombrillas para pasar c\u00f3modas y tranquilas jornadas en la arena. Adem\u00e1s los m\u00e1s peque\u00f1os podr\u00e1n jugar en el peque\u00f1o parque infantil que se encuentra situado junto a la arena y los m\u00e1s mayores tomar algo en alguno de los bares y restaurantes del paseo mar\u00edtimo mientras disfrutas de las vistas del Mediterr\u00e1neo desde sus terrazas.<\/p>\n\n\n\n<h2 class=\"wp-block-heading\"><strong>\u00bfC\u00f3mo llegar?<\/strong><\/h2>\n\n\n\n<p class=\"wp-block-paragraph\">Cala en Porter tiene un f\u00e1cil acceso en coche, tanto si vienes desde Alaior como desde Mah\u00f3n. Desde Alaior encontrar\u00e1s la cala a tan s\u00f3lo 11 Km y Mah\u00f3n se encuentra a 12 Km por la carretera que sale desde San Climent. Una vez llegues podr\u00e1s dejar el coche en el parking situado al lado de la playa.<\/p>\n\n\n\n<p class=\"wp-block-paragraph\">Si no dispones de veh\u00edculo, tambi\u00e9n puedes acceder con transporte p\u00fablico. Las l\u00edneas de autob\u00fas funcionan durante la temporada estival. La L31 sale desde Mah\u00f3n pasando por San Climent y si llegas desde Ciudadella tendr\u00e1s que cojer la L1 Ciutadella &#8211; Mah\u00f3n y cambiar a la L33 en Alaior.<\/p>\n\n\n\n<h2 class=\"wp-block-heading\"><strong>\u00bfD\u00f3nde alojarse?<\/strong><\/h2>\n\n\n\n<p class=\"wp-block-paragraph\">Cala en Porter cuenta con una urbanizaci\u00f3n que lleva el mismo nombre y se situa en el lateral izquierdo de la cala. En Mauter Villas disponemos de una amplia selecci\u00f3n de <a href=\"https:\/\/www.mautervillas.es\/alquiler\/alquileres-calan-porter-d216114\/\">villas en Cala en Porter<\/a>, completamente equipados y supervisados directamente por nuestro equipo para garantizarte una estancia segura y sin sorpresas.\u00a0<\/p>\n\n\n\n<figure class=\"wp-block-image size-large\"><img loading=\"lazy\" decoding=\"async\" width=\"600\" height=\"400\" src=\"https:\/\/www.mautervillas.es\/blog\/wp-content\/uploads\/2021\/08\/alojamiento-cala-porter.jpg\" alt=\"Alojamiento en Menorca junto a la Cala en Porter\" class=\"wp-image-295\" srcset=\"https:\/\/www.mautervillas.es\/blog\/wp-content\/uploads\/2021\/08\/alojamiento-cala-porter.jpg 600w, https:\/\/www.mautervillas.es\/blog\/wp-content\/uploads\/2021\/08\/alojamiento-cala-porter-360x240.jpg 360w\" sizes=\"auto, (max-width: 600px) 100vw, 600px\" \/><\/figure>\n\n\n\n<p class=\"wp-block-paragraph\">Nuestras casas y villas se adaptan a todo tipo de grupos ya sean familias o amigos para que puedas disfrutar al maximo de tus d\u00edas en Menorca. Villas como <a href=\"https:\/\/www.mautervillas.es\/alquiler\/villa-calan-porter-menorca-fifi-130059.html\">Menorca FIFI<\/a>,\u00a0 <a href=\"https:\/\/www.mautervillas.es\/alquiler\/villa-calan-porter-menorca-marques-315652.html\">Menorca Marqu\u00e9s<\/a> o <a href=\"https:\/\/www.mautervillas.es\/alquiler\/villa-calan-porter-menorca-serena-cp-145881.html\">Menorca Serena<\/a> te ofrecen la arquitectura t\u00edpica menorquina, piscina privada y fabulosos jardines y terrazas para disfrutar del aire libre desde la intimidad de tu casa y disfrutas de espectaculares puestas de sol.<\/p>\n\n\n\n<figure class=\"wp-block-image size-large\"><img loading=\"lazy\" decoding=\"async\" width=\"600\" height=\"400\" src=\"https:\/\/www.mautervillas.es\/blog\/wp-content\/uploads\/2021\/08\/villa-cala-porter.jpg\" alt=\"villa con piscina junto a Cala en Porter\" class=\"wp-image-293\" srcset=\"https:\/\/www.mautervillas.es\/blog\/wp-content\/uploads\/2021\/08\/villa-cala-porter.jpg 600w, https:\/\/www.mautervillas.es\/blog\/wp-content\/uploads\/2021\/08\/villa-cala-porter-360x240.jpg 360w\" sizes=\"auto, (max-width: 600px) 100vw, 600px\" \/><\/figure>\n\n\n\n<h2 class=\"wp-block-heading\"><strong>\u00bfQu\u00e9 hacer en Cala en Porter?<\/strong><\/h2>\n\n\n\n<p class=\"wp-block-paragraph\">Cala en Porter tiene un ambiente muy animado ya que adem\u00e1s de disfrutar de la tranquilidad de sus aguas podr\u00e1s visitar algunos de los enclaves naturales m\u00e1s famosos de la isla y hacer un sinf\u00edn de actividades acu\u00e1ticas.<\/p>\n\n\n\n<ul class=\"wp-block-list\"><li><strong>Puestas de sol<\/strong>: Desde sus acantilados podr\u00e1s contemplar una de las mejores vistas al Mediterr\u00e1neo y quiz\u00e1s la mejor puesta de sol de la isla.\u00a0 Desde el mirador situado en el lado izquierdo de la cala, podr\u00e1s disfurtar tambi\u00e9n de incre\u00edbles puestas de sol y de preciosas vistas de la cala y sus acantilados.<\/li><li><strong>Yacimientos hist\u00f3ricos<\/strong>: En los alrededores de Cala en Porter tambi\u00e9n podr\u00e1s visitar el <strong>Poblado talay\u00f3tico Torralba d\u2019en Salord<\/strong> donde se encuentra una de las taulas mejor conservadas y de mayor tama\u00f1o de la isla. Tambi\u00e9n desde all\u00ed podr\u00e1s visitar otro yacimiento de la \u00e9poca talay\u00f3nica, el <strong>Santuario de So na Ca\u00e7ana<\/strong>.<\/li><li><strong>Kayak<\/strong>: Cala en Porter es uno de los mejores lugares de la isla para practicar kayak, con una gra ruta en la que explorar grutas y cuevas que se dispersan por este rocoso litoral.\u00a0<\/li><li><strong>Barranquismo<\/strong>: Si te gusta la aventura y el contacto con la naturaleza desde esta playa podr\u00e1s recorrer el Barranco de Cala en Porter donde encontrar\u00e1s los pacanos de S\u2019hort Squella, unos \u00e1rboles gigantes que han sido catalogados como singulares por el gobierno balear.\u00a0<\/li><\/ul>\n\n\n\n<h2 class=\"wp-block-heading\"><strong>\u00bfD\u00f3nde comer?<\/strong><\/h2>\n\n\n\n<p class=\"wp-block-paragraph\">Cala en Porter te ofrece una gran variedad de restaurantes y bares para tomar algo y disfrutar de la gastronom\u00eda as\u00ed como del animado ambiente de la zona. En el paseo mar\u00edtimo y sus alrededores hay opciones para todos los gustos y bolsillos.<\/p>\n\n\n\n<p class=\"wp-block-paragraph\">Contempla una de las mejores vistas al Mediterr\u00e1neo y quiz\u00e1s la mejor puesta de sol de la isla desde la <strong>Cova d\u2019en Xori<\/strong>.&nbsp; Este bar situado en una gruta natural en los acantilados es uno de los lugares m\u00e1s famosos de la isla para disfrutar de la puesta de sol desde alguna de sus terrazas mietras tomas una copa o degustas la famosa Caldereta de Langosta menorquina.<\/p>\n\n\n\n<p class=\"wp-block-paragraph\">En restaurante <strong>El Pulpo<\/strong> podr\u00e1s degustar la mejor gastronom\u00eda mediterr\u00e1nea on productos t\u00edpicos de la isla de gran calidad. Otra opci\u00f3n muy recomendable es el restaurante<strong> 007<\/strong>, con un sorprendente jard\u00edn para pasar una velada relajada y degustar con embutidos, quesos y productos de temporada para descubrir los mejores sabores de Menorca.<\/p>\n\n\n\n<p class=\"wp-block-paragraph\">Si buscas una opci\u00f3n m\u00e1s exclusiva, aunque un poco m\u00e1s alejada, puedes ir a tomar una copa o cenar en <strong>Torralbenc<\/strong>, un hotel rural de lujo ubicado en medio del campo a las afueras de ala en Porter, que permite la entrada libre a su terraza.&nbsp;<\/p>\n\n\n\n<p class=\"wp-block-paragraph\">Menorca est\u00e1 llega de lugares con encanto para disfrutar de unos merecidos dias de descanso y relax. \u00a1Esperamos verte pronto en Cala en Porter!<\/p>\n","protected":false},"excerpt":{"rendered":"<p>Situada en la costa sur de Menorca, Cala en Porter es una conocida playa de fin\u00edsima arena blanca y aguas&#8230;<\/p>\n","protected":false},"author":2,"featured_media":297,"comment_status":"open","ping_status":"closed","sticky":false,"template":"","format":"standard","meta":{"footnotes":""},"categories":[4],"tags":[],"class_list":["post-292","post","type-post","status-publish","format-standard","has-post-thumbnail","hentry","category-que-ver"],"yoast_head":"<!-- This site is optimized with the Yoast SEO plugin v20.6 - https:\/\/yoast.com\/wordpress\/plugins\/seo\/ -->\n<title>Qu\u00e9 hacer y ver en Cala en Porter en Menorca- Mauter Villas<\/title>\n<meta name=\"description\" content=\"Una selecci\u00f3n con nuestras sugerencias para visitar Cala en Porter en Menorca, un lugar maravilloso de la isla que te presentamos.\" \/>\n<meta name=\"robots\" content=\"index, follow, max-snippet:-1, max-image-preview:large, max-video-preview:-1\" \/>\n<link rel=\"canonical\" href=\"https:\/\/www.mautervillas.es\/blog\/cala-porter-menorca\/\" \/>\n<meta property=\"og:locale\" content=\"es_ES\" \/>\n<meta property=\"og:type\" content=\"article\" \/>\n<meta property=\"og:title\" content=\"Qu\u00e9 hacer y ver en Cala en Porter en Menorca- Mauter Villas\" \/>\n<meta property=\"og:description\" content=\"Una selecci\u00f3n con nuestras sugerencias para visitar Cala en Porter en Menorca, un lugar maravilloso de la isla que te presentamos.\" \/>\n<meta property=\"og:url\" content=\"https:\/\/www.mautervillas.es\/blog\/cala-porter-menorca\/\" \/>\n<meta property=\"og:site_name\" content=\"Mauter Villas\" \/>\n<meta property=\"article:published_time\" content=\"2021-08-31T18:33:17+00:00\" \/>\n<meta property=\"article:modified_time\" content=\"2021-08-31T18:33:18+00:00\" \/>\n<meta property=\"og:image\" content=\"https:\/\/www.mautervillas.es\/blog\/wp-content\/uploads\/2021\/08\/que-ver-menorca-cala-porter.jpg\" \/>\n\t<meta property=\"og:image:width\" content=\"800\" \/>\n\t<meta property=\"og:image:height\" content=\"400\" \/>\n\t<meta property=\"og:image:type\" content=\"image\/jpeg\" \/>\n<meta name=\"author\" content=\"mautervillas\" \/>\n<meta name=\"twitter:card\" content=\"summary_large_image\" \/>\n<meta name=\"twitter:label1\" content=\"Escrito por\" \/>\n\t<meta name=\"twitter:data1\" content=\"mautervillas\" \/>\n\t<meta name=\"twitter:label2\" content=\"Tiempo de lectura\" \/>\n\t<meta name=\"twitter:data2\" content=\"5 minutos\" \/>\n<script type=\"application\/ld+json\" class=\"yoast-schema-graph\">{\"@context\":\"https:\/\/schema.org\",\"@graph\":[{\"@type\":\"WebPage\",\"@id\":\"https:\/\/www.mautervillas.es\/blog\/cala-porter-menorca\/\",\"url\":\"https:\/\/www.mautervillas.es\/blog\/cala-porter-menorca\/\",\"name\":\"Qu\u00e9 hacer y ver en Cala en Porter en Menorca- Mauter Villas\",\"isPartOf\":{\"@id\":\"https:\/\/www.mautervillas.es\/blog\/#website\"},\"datePublished\":\"2021-08-31T18:33:17+00:00\",\"dateModified\":\"2021-08-31T18:33:18+00:00\",\"author\":{\"@id\":\"https:\/\/www.mautervillas.es\/blog\/#\/schema\/person\/54cf2feb092752231f0ca767e13effee\"},\"description\":\"Una selecci\u00f3n con nuestras sugerencias para visitar Cala en Porter en Menorca, un lugar maravilloso de la isla que te presentamos.\",\"breadcrumb\":{\"@id\":\"https:\/\/www.mautervillas.es\/blog\/cala-porter-menorca\/#breadcrumb\"},\"inLanguage\":\"es\",\"potentialAction\":[{\"@type\":\"ReadAction\",\"target\":[\"https:\/\/www.mautervillas.es\/blog\/cala-porter-menorca\/\"]}]},{\"@type\":\"BreadcrumbList\",\"@id\":\"https:\/\/www.mautervillas.es\/blog\/cala-porter-menorca\/#breadcrumb\",\"itemListElement\":[{\"@type\":\"ListItem\",\"position\":1,\"name\":\"Portada\",\"item\":\"https:\/\/www.mautervillas.es\/blog\/\"},{\"@type\":\"ListItem\",\"position\":2,\"name\":\"Explora Menorca: Qu\u00e9 hacer en Cala en Porter\"}]},{\"@type\":\"WebSite\",\"@id\":\"https:\/\/www.mautervillas.es\/blog\/#website\",\"url\":\"https:\/\/www.mautervillas.es\/blog\/\",\"name\":\"Mauter Villas\",\"description\":\"Mautervillas\",\"potentialAction\":[{\"@type\":\"SearchAction\",\"target\":{\"@type\":\"EntryPoint\",\"urlTemplate\":\"https:\/\/www.mautervillas.es\/blog\/?s={search_term_string}\"},\"query-input\":\"required name=search_term_string\"}],\"inLanguage\":\"es\"},{\"@type\":\"Person\",\"@id\":\"https:\/\/www.mautervillas.es\/blog\/#\/schema\/person\/54cf2feb092752231f0ca767e13effee\",\"name\":\"mautervillas\",\"image\":{\"@type\":\"ImageObject\",\"inLanguage\":\"es\",\"@id\":\"https:\/\/www.mautervillas.es\/blog\/#\/schema\/person\/image\/\",\"url\":\"https:\/\/secure.gravatar.com\/avatar\/b4995f53b9941a4c2f7ad71dd46886c21ceca85a6a231dad5441008abeed428c?s=96&d=mm&r=g\",\"contentUrl\":\"https:\/\/secure.gravatar.com\/avatar\/b4995f53b9941a4c2f7ad71dd46886c21ceca85a6a231dad5441008abeed428c?s=96&d=mm&r=g\",\"caption\":\"mautervillas\"},\"url\":\"https:\/\/www.mautervillas.es\/blog\/author\/mautervillas\/\"}]}<\/script>\n<!-- \/ Yoast SEO plugin. -->","yoast_head_json":{"title":"Qu\u00e9 hacer y ver en Cala en Porter en Menorca- Mauter Villas","description":"Una selecci\u00f3n con nuestras sugerencias para visitar Cala en Porter en Menorca, un lugar maravilloso de la isla que te presentamos.","robots":{"index":"index","follow":"follow","max-snippet":"max-snippet:-1","max-image-preview":"max-image-preview:large","max-video-preview":"max-video-preview:-1"},"canonical":"https:\/\/www.mautervillas.es\/blog\/cala-porter-menorca\/","og_locale":"es_ES","og_type":"article","og_title":"Qu\u00e9 hacer y ver en Cala en Porter en Menorca- Mauter Villas","og_description":"Una selecci\u00f3n con nuestras sugerencias para visitar Cala en Porter en Menorca, un lugar maravilloso de la isla que te presentamos.","og_url":"https:\/\/www.mautervillas.es\/blog\/cala-porter-menorca\/","og_site_name":"Mauter Villas","article_published_time":"2021-08-31T18:33:17+00:00","article_modified_time":"2021-08-31T18:33:18+00:00","og_image":[{"width":800,"height":400,"url":"https:\/\/www.mautervillas.es\/blog\/wp-content\/uploads\/2021\/08\/que-ver-menorca-cala-porter.jpg","type":"image\/jpeg"}],"author":"mautervillas","twitter_card":"summary_large_image","twitter_misc":{"Escrito por":"mautervillas","Tiempo de lectura":"5 minutos"},"schema":{"@context":"https:\/\/schema.org","@graph":[{"@type":"WebPage","@id":"https:\/\/www.mautervillas.es\/blog\/cala-porter-menorca\/","url":"https:\/\/www.mautervillas.es\/blog\/cala-porter-menorca\/","name":"Qu\u00e9 hacer y ver en Cala en Porter en Menorca- Mauter Villas","isPartOf":{"@id":"https:\/\/www.mautervillas.es\/blog\/#website"},"datePublished":"2021-08-31T18:33:17+00:00","dateModified":"2021-08-31T18:33:18+00:00","author":{"@id":"https:\/\/www.mautervillas.es\/blog\/#\/schema\/person\/54cf2feb092752231f0ca767e13effee"},"description":"Una selecci\u00f3n con nuestras sugerencias para visitar Cala en Porter en Menorca, un lugar maravilloso de la isla que te presentamos.","breadcrumb":{"@id":"https:\/\/www.mautervillas.es\/blog\/cala-porter-menorca\/#breadcrumb"},"inLanguage":"es","potentialAction":[{"@type":"ReadAction","target":["https:\/\/www.mautervillas.es\/blog\/cala-porter-menorca\/"]}]},{"@type":"BreadcrumbList","@id":"https:\/\/www.mautervillas.es\/blog\/cala-porter-menorca\/#breadcrumb","itemListElement":[{"@type":"ListItem","position":1,"name":"Portada","item":"https:\/\/www.mautervillas.es\/blog\/"},{"@type":"ListItem","position":2,"name":"Explora Menorca: Qu\u00e9 hacer en Cala en Porter"}]},{"@type":"WebSite","@id":"https:\/\/www.mautervillas.es\/blog\/#website","url":"https:\/\/www.mautervillas.es\/blog\/","name":"Mauter Villas","description":"Mautervillas","potentialAction":[{"@type":"SearchAction","target":{"@type":"EntryPoint","urlTemplate":"https:\/\/www.mautervillas.es\/blog\/?s={search_term_string}"},"query-input":"required name=search_term_string"}],"inLanguage":"es"},{"@type":"Person","@id":"https:\/\/www.mautervillas.es\/blog\/#\/schema\/person\/54cf2feb092752231f0ca767e13effee","name":"mautervillas","image":{"@type":"ImageObject","inLanguage":"es","@id":"https:\/\/www.mautervillas.es\/blog\/#\/schema\/person\/image\/","url":"https:\/\/secure.gravatar.com\/avatar\/b4995f53b9941a4c2f7ad71dd46886c21ceca85a6a231dad5441008abeed428c?s=96&d=mm&r=g","contentUrl":"https:\/\/secure.gravatar.com\/avatar\/b4995f53b9941a4c2f7ad71dd46886c21ceca85a6a231dad5441008abeed428c?s=96&d=mm&r=g","caption":"mautervillas"},"url":"https:\/\/www.mautervillas.es\/blog\/author\/mautervillas\/"}]}},"amp_enabled":true,"_links":{"self":[{"href":"https:\/\/www.mautervillas.es\/blog\/wp-json\/wp\/v2\/posts\/292","targetHints":{"allow":["GET"]}}],"collection":[{"href":"https:\/\/www.mautervillas.es\/blog\/wp-json\/wp\/v2\/posts"}],"about":[{"href":"https:\/\/www.mautervillas.es\/blog\/wp-json\/wp\/v2\/types\/post"}],"author":[{"embeddable":true,"href":"https:\/\/www.mautervillas.es\/blog\/wp-json\/wp\/v2\/users\/2"}],"replies":[{"embeddable":true,"href":"https:\/\/www.mautervillas.es\/blog\/wp-json\/wp\/v2\/comments?post=292"}],"version-history":[{"count":1,"href":"https:\/\/www.mautervillas.es\/blog\/wp-json\/wp\/v2\/posts\/292\/revisions"}],"predecessor-version":[{"id":299,"href":"https:\/\/www.mautervillas.es\/blog\/wp-json\/wp\/v2\/posts\/292\/revisions\/299"}],"wp:featuredmedia":[{"embeddable":true,"href":"https:\/\/www.mautervillas.es\/blog\/wp-json\/wp\/v2\/media\/297"}],"wp:attachment":[{"href":"https:\/\/www.mautervillas.es\/blog\/wp-json\/wp\/v2\/media?parent=292"}],"wp:term":[{"taxonomy":"category","embeddable":true,"href":"https:\/\/www.mautervillas.es\/blog\/wp-json\/wp\/v2\/categories?post=292"},{"taxonomy":"post_tag","embeddable":true,"href":"https:\/\/www.mautervillas.es\/blog\/wp-json\/wp\/v2\/tags?post=292"}],"curies":[{"name":"wp","href":"https:\/\/api.w.org\/{rel}","templated":true}]}}