{"id":264,"date":"2021-05-31T19:00:35","date_gmt":"2021-05-31T17:00:35","guid":{"rendered":"https:\/\/www.mautervillas.es\/blog\/?p=264"},"modified":"2021-05-31T19:09:23","modified_gmt":"2021-05-31T17:09:23","slug":"7-razones-visitar-menorca-septiembre","status":"publish","type":"post","link":"https:\/\/www.mautervillas.es\/blog\/7-razones-visitar-menorca-septiembre\/","title":{"rendered":"7 razones para visitar Menorca en septiembre"},"content":{"rendered":"\n<p class=\"wp-block-paragraph\">Nos encanta Menorca en septiembre, la energ\u00eda y la magia de la isla empiezan a cambiar de manera gradual, invitando al visitante a conectar con el lado m\u00e1s real de la isla. Es el mes perfecto para disfrutar sin agobios, de un clima impresionante, del c\u00e1lido mar y de la tranquilidad de las playas y los restaurantes, ideal para vivir la naturaleza y degustar la gastronom\u00eda local al m\u00e1ximo.<\/p>\n\n\n\n<p class=\"wp-block-paragraph\">Puede que creas que el verano se acaba despu\u00e9s de agosto. Pero la realidad es que con el clima mediterr\u00e1neo propio de Menorca y la temperatura del mar a m\u00e1s de 23\u00ba, septiembre es un mes ideal para vivir la isla, de manera m\u00e1s relajada, menos intensa para dejarse llevar y encontrar su ritmo habitual de la isla.<\/p>\n\n\n\n<p class=\"wp-block-paragraph\">Aunque Menorca empiece a retomar su ritmo natural, cada rinc\u00f3n de la isla transmite su personalidad ofreciendo mucho que ver y hacer. Desde visitas guiadas, actividades en el mar o eventos culturales , todo en septiembre tiene un sabor un poco m\u00e1s&#8230; local.<\/p>\n\n\n\n<h2 class=\"wp-block-heading\"><strong>1. Calas de agua turquesa tambi\u00e9n en septiembre<\/strong><\/h2>\n\n\n\n<p class=\"wp-block-paragraph\">No podemos hablar de Menorca sin mencionar sus playas de arena blanca y aguas de brillante color turquesa. En esta \u00e9poca del a\u00f1o, las playas son a\u00fan m\u00e1s hermosas, puesto que no est\u00e1n tan masificadas y podr\u00e1s llegar hasta ellas con m\u00e1s facilidad ya que hay menos tr\u00e1fico. Encontrar\u00e1s m\u00e1s espacio para disfrutar de la belleza natural de la isla, y practicar snorkel o cualquier otra actividad acu\u00e1tica tanto si optas por <a href=\"https:\/\/www.mautervillas.es\/blog\/mejores-playas-menorca\/\">las playas m\u00e1s conocidas<\/a> de la zona sur de la isla como Cala Macarella, Cala Turqueta, o Cala Trebaluger como si te decides por explorar la costa norte de Menorca, mucho m\u00e1s salvaje y virgen pero con paradis\u00edacos parajes naturales como cala Pregonda, playa de la Cavalleria o el Arenal d&#8217;en Castell.<\/p>\n\n\n\n<figure class=\"wp-block-image size-large\"><img loading=\"lazy\" decoding=\"async\" width=\"1018\" height=\"630\" src=\"https:\/\/www.mautervillas.es\/blog\/wp-content\/uploads\/2021\/05\/cala-turquesa-menorca-1018x630.jpg\" alt=\"Cala de Menorca con aguas color turquesa\" class=\"wp-image-271\"\/><\/figure>\n\n\n\n<h2 class=\"wp-block-heading\"><strong>2. Fiestas patronales, otra manera de conocer la cultura local de la isla&nbsp;<\/strong><\/h2>\n\n\n\n<p class=\"wp-block-paragraph\">Las fiestas patronales llenan de alegr\u00eda y color la mayor\u00eda de pueblos y ciudades espa\u00f1olas a lo largo del a\u00f1o. Si te encuentras en Menorca del 6 al 9 de septiembre, no puedes perderte las fiestas de la <em>Mare de Deu de Gr\u00e0cia<\/em>, la patrona de Mah\u00f3n.&nbsp;<\/p>\n\n\n\n<p class=\"wp-block-paragraph\">Durante esta semana la capital de la isla se llena de vida y m\u00fasica para celebrar sus tradiciones m\u00e1s ancestrales como la <em>Colcada <\/em>(Cabalgada) y el jaleo tan caracter\u00edstico de la cultura menorquina. El Replec, es el punto de reuni\u00f3n donde los jinetes con sus caballos engalanados se re\u00fanen para comenzar la Colcada, desde la Ermita de Gr\u00e0cia hasta la Plaza del Ayuntamiento. Despu\u00e9s los caballeros comenzar\u00e1n el tradicional jaleo y el paseo del \u201cCaragol\u201d por el casco antiguo donde poder admirar la particular danza de los caballos al son de la m\u00fasica apoyados sobre sus patas traseras.\u00a0<\/p>\n\n\n\n<p class=\"wp-block-paragraph\">Si quieres vivir la aut\u00e9ntica esencia menorquina, qu\u00e9date hasta el final. En la plaza del ayuntamiento los mahoneses se congregan gente para cantar el famoso \u201cVolem Vi\u201d (queremos vino) mientras desde el balc\u00f3n del ayuntamiento se van lanzando botas de vino. Una experiencia que no te puedes perder.<\/p>\n\n\n\n<h2 class=\"wp-block-heading\"><strong>3. Disfrutar de actividades al aire libre: Yoga frente al mar<\/strong><\/h2>\n\n\n\n<p class=\"wp-block-paragraph\">La pr\u00e1ctica del yoga aporta muchos beneficios para la salud f\u00edsica y mental. Si adem\u00e1s lo practicamos al aire libre estos beneficios aumentan, ya que mejoran la energ\u00eda y la conexi\u00f3n con el entorno natural, una mayor oxigenaci\u00f3n puesto que respiramos directamente la brisa marina y a generar vitamina D al estar bajo la luz solar.\u00a0<\/p>\n\n\n\n<figure class=\"wp-block-image size-large\"><img loading=\"lazy\" decoding=\"async\" width=\"700\" height=\"467\" src=\"https:\/\/www.mautervillas.es\/blog\/wp-content\/uploads\/2021\/05\/yoga-costa-menorca.jpg\" alt=\"Practicando Yoga en la costa de Menorca\" class=\"wp-image-274\" srcset=\"https:\/\/www.mautervillas.es\/blog\/wp-content\/uploads\/2021\/05\/yoga-costa-menorca.jpg 700w, https:\/\/www.mautervillas.es\/blog\/wp-content\/uploads\/2021\/05\/yoga-costa-menorca-360x240.jpg 360w\" sizes=\"auto, (max-width: 700px) 100vw, 700px\" \/><\/figure>\n\n\n\n<p class=\"wp-block-paragraph\">Existen variedad de clases y actividades para realizar yoga en entornos paradis\u00edacos frente al mar para enfocar nuestra mente y conectar con el yo interior. Estas clases de yoga son perfectas para mejorar y fortalecer nuestro cuerpo ya que la arena de la playa es una superficie menos estable lo que permite trabajar m\u00e1s la parte muscular al necesitar m\u00e1s esfuerzo f\u00edsico para llevar a cabo algunas asanas. Practicar el yoga en la playa resulta m\u00e1s intenso que hacerlo en una sala convencional, un buen entrenamiento f\u00edsico muy recomendable y relajante para estos meses cuando el calor empieza a amainar.<\/p>\n\n\n\n<p class=\"wp-block-paragraph\">Te proponemos que acudas a alguna de estas clases tanto si buscas practicar ejercicio de una manera diferente como si simplemente quieres mejorar la concentraci\u00f3n y tranquilidad mental para liberar tensiones y desconectar del estr\u00e9s diario.<\/p>\n\n\n\n<h2 class=\"wp-block-heading\"><strong>4. Cam\u00ed dels Cavalls: Menorca desde un prisma diferente<\/strong><\/h2>\n\n\n\n<p class=\"wp-block-paragraph\">Si eres un apasionado del senderismo, puedes descubrir Menorca de una manera diferente. Durante el mes de septiembre, cuando el calor ya no es tan sofocante puedes recorrer la isla siguiendo el Cam\u00ed dels Cavalls.&nbsp;<\/p>\n\n\n\n<p class=\"wp-block-paragraph\">El Cam\u00ed dels Cavalls es un sendero hist\u00f3rico de origen militar que rodea completamente la isla y que remonta su origen al S.XVII.&nbsp;<\/p>\n\n\n\n<p class=\"wp-block-paragraph\">Con un recorrido de 185 Km, este camino perimetral con siglos de historia atraviesa barrancos, torrentes, valles y zonas de cultivo. Conecta los faros (antiguas torres de vig\u00eda) diseminados por el litoral de la isla y adem\u00e1s es un punto de acceso a infinidad de calas.\u00a0<\/p>\n\n\n\n<figure class=\"wp-block-image size-large\"><img loading=\"lazy\" decoding=\"async\" width=\"700\" height=\"467\" src=\"https:\/\/www.mautervillas.es\/blog\/wp-content\/uploads\/2021\/05\/senderismo-menorca.jpg\" alt=\"Senderismo en Menorca para disfrutar de la naturaleza\" class=\"wp-image-278\" srcset=\"https:\/\/www.mautervillas.es\/blog\/wp-content\/uploads\/2021\/05\/senderismo-menorca.jpg 700w, https:\/\/www.mautervillas.es\/blog\/wp-content\/uploads\/2021\/05\/senderismo-menorca-360x240.jpg 360w\" sizes=\"auto, (max-width: 700px) 100vw, 700px\" \/><\/figure>\n\n\n\n<p class=\"wp-block-paragraph\">Para conocer la isla desde un prisma diferente, mientras disfrutas de tu actividad favorita puedes realizar estas rutas, que se dividen por etapas y que tienen distinta duraci\u00f3n para adaptarse a diferentes niveles de preparaci\u00f3n.<\/p>\n\n\n\n<h2 class=\"wp-block-heading\"><strong>5. Ruta del vino durante la vendimia<\/strong><\/h2>\n\n\n\n<p class=\"wp-block-paragraph\">Menorca tiene una hist\u00f3rica tradici\u00f3n como en la producci\u00f3n de vino, ya en el S.XIII se tiene constancia de la producci\u00f3n en la isla aunque lleg\u00f3 a desaparecer durante varios siglos. Durante los a\u00f1os 80, se empezaron a recuperar de nuevo las vi\u00f1as llegando a implantar en 2002 su propio sello de calidad \u201cVi de la Terra Illa de Menorca\u201d.<\/p>\n\n\n\n<p class=\"wp-block-paragraph\">Los amantes del vino tienen la oportunidad perfecta de realizar una ruta del vino durante la \u00e9poca de vendimia, donde poder realizar catas adem\u00e1s de conocer el proceso de elaboraci\u00f3n. Las principales variedades que podr\u00e1s degustar son Cabernet Sauvignon, Merlot, Monastrell, Syrah y Tempranillo en vinos tintos y Chardonnay, Malvas\u00eda, Macabeo, Moscatel, Parellada y Moll si hablamos de vino blanco.&nbsp;<\/p>\n\n\n\n<p class=\"wp-block-paragraph\">Son varias las bodegas que puedes visitar para conocer los vinos de la isla, algunas de ellas incluso ofrecen visitas por sus vi\u00f1edos, e incluyen la visita a sus cavas donde reposan los vinos en barrica hasta alcanzar su punto \u00f3ptimo.<\/p>\n\n\n\n<h2 class=\"wp-block-heading\"><strong>6. Tranquilas puestas de sol<\/strong><\/h2>\n\n\n\n<p class=\"wp-block-paragraph\">Septiembre ofrece al viajero todas las experiencias del verano pero ese plus extra de tranquilidad y relax y si hay algo que emociona a quien visita la isla son sus espectaculares puestas de sol.&nbsp;<\/p>\n\n\n\n<p class=\"wp-block-paragraph\">Disfrutar de ese momento tan especial, cuando el sol se funde con el mar Mediterr\u00e1neo sin que la zona est\u00e9 abarrotada de gente es m\u00e1gico. \u00bfSabes desde donde poder contemplar en calma y armon\u00eda los mejores atardeceres de Menorca?<\/p>\n\n\n\n<figure class=\"wp-block-image size-large\"><img loading=\"lazy\" decoding=\"async\" width=\"700\" height=\"467\" src=\"https:\/\/www.mautervillas.es\/blog\/wp-content\/uploads\/2021\/05\/puesta-sol-menorca-vistas.jpg\" alt=\"Vistas de la puesta de sol en Menorca\" class=\"wp-image-276\" srcset=\"https:\/\/www.mautervillas.es\/blog\/wp-content\/uploads\/2021\/05\/puesta-sol-menorca-vistas.jpg 700w, https:\/\/www.mautervillas.es\/blog\/wp-content\/uploads\/2021\/05\/puesta-sol-menorca-vistas-360x240.jpg 360w\" sizes=\"auto, (max-width: 700px) 100vw, 700px\" \/><\/figure>\n\n\n\n<p class=\"wp-block-paragraph\">Tu eliges si prefieres asistir a este espect\u00e1culo de la naturaleza desde el acantilado Pont d\u2019En Gil, desde la playa de Son Bou, disfrutar del misticismo desde el Monte Toro, desde el faro de Punta Nato o acudir a alguno de los bares con las mejores vistas de la isla como Cova d\u2019En Xoroi o en Sa Posta de Sol.<\/p>\n\n\n\n<h2 class=\"wp-block-heading\">7. Mismas vacaciones, menor precio<\/h2>\n\n\n\n<p class=\"wp-block-paragraph\">Como ya&nbsp; hemos comentado, las ventajas de viajar durante septiembre a Menorca son muchas, tambi\u00e9n en los precios y en la disponibilidad del alojamiento ya que el n\u00famero de turistas no es tan alto.<\/p>\n\n\n\n<p class=\"wp-block-paragraph\">En <a href=\"https:\/\/www.mautervillas.es\/\">Mauter Villas <\/a>disponemos de una gran variedad de casas y apartamentos en las mejores zonas de la isla para que disfrutes de todo lo que la isla tiene que ofrecer de acuerdo a tus necesidades. Adem\u00e1s si prefieres disfrutar de la Menorca m\u00e1s aut\u00e9ntica tenemos casas rurales para que conectes con la tierra como un aut\u00e9ntico pay\u00e9s.&nbsp;<\/p>\n\n\n\n<p class=\"wp-block-paragraph\">Aprovecha las suaves temperaturas que a\u00fan invitan a hacer cualquier actividad como nadar, caminar, excursiones en bici, etc. pero disfrutando de m\u00e1s tranquilidad y sin aglomeraciones,&#8230; \u00bfTe vienes a Menorca en septiembre?<\/p>\n","protected":false},"excerpt":{"rendered":"<p>Septiembre es un mes ideal para vivir la isla, de manera m\u00e1s relajada, menos intensa para dejarse llevar y encontrar su ritmo habitual de la isla.<\/p>\n","protected":false},"author":2,"featured_media":266,"comment_status":"open","ping_status":"closed","sticky":false,"template":"","format":"standard","meta":{"footnotes":""},"categories":[10],"tags":[],"class_list":["post-264","post","type-post","status-publish","format-standard","has-post-thumbnail","hentry","category-viaje-a-menorca"],"yoast_head":"<!-- This site is optimized with the Yoast SEO plugin v20.6 - https:\/\/yoast.com\/wordpress\/plugins\/seo\/ -->\n<title>7 razones para visitar Menorca en septiembre - Mauter Villas<\/title>\n<meta name=\"description\" content=\"Septiembre es un mes ideal para vivir Menorca: m\u00e1s relajada, menos intensa para dejarse llevar y encontrar su ritmo habitual de la isla.\" \/>\n<meta name=\"robots\" content=\"index, follow, max-snippet:-1, max-image-preview:large, max-video-preview:-1\" \/>\n<link rel=\"canonical\" href=\"https:\/\/www.mautervillas.es\/blog\/7-razones-visitar-menorca-septiembre\/\" \/>\n<meta property=\"og:locale\" content=\"es_ES\" \/>\n<meta property=\"og:type\" content=\"article\" \/>\n<meta property=\"og:title\" content=\"7 razones para visitar Menorca en septiembre - Mauter Villas\" \/>\n<meta property=\"og:description\" content=\"Septiembre es un mes ideal para vivir Menorca: m\u00e1s relajada, menos intensa para dejarse llevar y encontrar su ritmo habitual de la isla.\" \/>\n<meta property=\"og:url\" content=\"https:\/\/www.mautervillas.es\/blog\/7-razones-visitar-menorca-septiembre\/\" \/>\n<meta property=\"og:site_name\" content=\"Mauter Villas\" \/>\n<meta property=\"article:published_time\" content=\"2021-05-31T17:00:35+00:00\" \/>\n<meta property=\"article:modified_time\" content=\"2021-05-31T17:09:23+00:00\" \/>\n<meta property=\"og:image\" content=\"https:\/\/www.mautervillas.es\/blog\/wp-content\/uploads\/2021\/05\/visita-menorca-septiembre.jpg\" \/>\n\t<meta property=\"og:image:width\" content=\"816\" \/>\n\t<meta property=\"og:image:height\" content=\"612\" \/>\n\t<meta property=\"og:image:type\" content=\"image\/jpeg\" \/>\n<meta name=\"author\" content=\"mautervillas\" \/>\n<meta name=\"twitter:card\" content=\"summary_large_image\" \/>\n<meta name=\"twitter:label1\" content=\"Escrito por\" \/>\n\t<meta name=\"twitter:data1\" content=\"mautervillas\" \/>\n\t<meta name=\"twitter:label2\" content=\"Tiempo de lectura\" \/>\n\t<meta name=\"twitter:data2\" content=\"7 minutos\" \/>\n<script type=\"application\/ld+json\" class=\"yoast-schema-graph\">{\"@context\":\"https:\/\/schema.org\",\"@graph\":[{\"@type\":\"WebPage\",\"@id\":\"https:\/\/www.mautervillas.es\/blog\/7-razones-visitar-menorca-septiembre\/\",\"url\":\"https:\/\/www.mautervillas.es\/blog\/7-razones-visitar-menorca-septiembre\/\",\"name\":\"7 razones para visitar Menorca en septiembre - Mauter Villas\",\"isPartOf\":{\"@id\":\"https:\/\/www.mautervillas.es\/blog\/#website\"},\"datePublished\":\"2021-05-31T17:00:35+00:00\",\"dateModified\":\"2021-05-31T17:09:23+00:00\",\"author\":{\"@id\":\"https:\/\/www.mautervillas.es\/blog\/#\/schema\/person\/54cf2feb092752231f0ca767e13effee\"},\"description\":\"Septiembre es un mes ideal para vivir Menorca: m\u00e1s relajada, menos intensa para dejarse llevar y encontrar su ritmo habitual de la isla.\",\"breadcrumb\":{\"@id\":\"https:\/\/www.mautervillas.es\/blog\/7-razones-visitar-menorca-septiembre\/#breadcrumb\"},\"inLanguage\":\"es\",\"potentialAction\":[{\"@type\":\"ReadAction\",\"target\":[\"https:\/\/www.mautervillas.es\/blog\/7-razones-visitar-menorca-septiembre\/\"]}]},{\"@type\":\"BreadcrumbList\",\"@id\":\"https:\/\/www.mautervillas.es\/blog\/7-razones-visitar-menorca-septiembre\/#breadcrumb\",\"itemListElement\":[{\"@type\":\"ListItem\",\"position\":1,\"name\":\"Portada\",\"item\":\"https:\/\/www.mautervillas.es\/blog\/\"},{\"@type\":\"ListItem\",\"position\":2,\"name\":\"7 razones para visitar Menorca en septiembre\"}]},{\"@type\":\"WebSite\",\"@id\":\"https:\/\/www.mautervillas.es\/blog\/#website\",\"url\":\"https:\/\/www.mautervillas.es\/blog\/\",\"name\":\"Mauter Villas\",\"description\":\"Mautervillas\",\"potentialAction\":[{\"@type\":\"SearchAction\",\"target\":{\"@type\":\"EntryPoint\",\"urlTemplate\":\"https:\/\/www.mautervillas.es\/blog\/?s={search_term_string}\"},\"query-input\":\"required name=search_term_string\"}],\"inLanguage\":\"es\"},{\"@type\":\"Person\",\"@id\":\"https:\/\/www.mautervillas.es\/blog\/#\/schema\/person\/54cf2feb092752231f0ca767e13effee\",\"name\":\"mautervillas\",\"image\":{\"@type\":\"ImageObject\",\"inLanguage\":\"es\",\"@id\":\"https:\/\/www.mautervillas.es\/blog\/#\/schema\/person\/image\/\",\"url\":\"https:\/\/secure.gravatar.com\/avatar\/b4995f53b9941a4c2f7ad71dd46886c21ceca85a6a231dad5441008abeed428c?s=96&d=mm&r=g\",\"contentUrl\":\"https:\/\/secure.gravatar.com\/avatar\/b4995f53b9941a4c2f7ad71dd46886c21ceca85a6a231dad5441008abeed428c?s=96&d=mm&r=g\",\"caption\":\"mautervillas\"},\"url\":\"https:\/\/www.mautervillas.es\/blog\/author\/mautervillas\/\"}]}<\/script>\n<!-- \/ Yoast SEO plugin. -->","yoast_head_json":{"title":"7 razones para visitar Menorca en septiembre - Mauter Villas","description":"Septiembre es un mes ideal para vivir Menorca: m\u00e1s relajada, menos intensa para dejarse llevar y encontrar su ritmo habitual de la isla.","robots":{"index":"index","follow":"follow","max-snippet":"max-snippet:-1","max-image-preview":"max-image-preview:large","max-video-preview":"max-video-preview:-1"},"canonical":"https:\/\/www.mautervillas.es\/blog\/7-razones-visitar-menorca-septiembre\/","og_locale":"es_ES","og_type":"article","og_title":"7 razones para visitar Menorca en septiembre - Mauter Villas","og_description":"Septiembre es un mes ideal para vivir Menorca: m\u00e1s relajada, menos intensa para dejarse llevar y encontrar su ritmo habitual de la isla.","og_url":"https:\/\/www.mautervillas.es\/blog\/7-razones-visitar-menorca-septiembre\/","og_site_name":"Mauter Villas","article_published_time":"2021-05-31T17:00:35+00:00","article_modified_time":"2021-05-31T17:09:23+00:00","og_image":[{"width":816,"height":612,"url":"https:\/\/www.mautervillas.es\/blog\/wp-content\/uploads\/2021\/05\/visita-menorca-septiembre.jpg","type":"image\/jpeg"}],"author":"mautervillas","twitter_card":"summary_large_image","twitter_misc":{"Escrito por":"mautervillas","Tiempo de lectura":"7 minutos"},"schema":{"@context":"https:\/\/schema.org","@graph":[{"@type":"WebPage","@id":"https:\/\/www.mautervillas.es\/blog\/7-razones-visitar-menorca-septiembre\/","url":"https:\/\/www.mautervillas.es\/blog\/7-razones-visitar-menorca-septiembre\/","name":"7 razones para visitar Menorca en septiembre - Mauter Villas","isPartOf":{"@id":"https:\/\/www.mautervillas.es\/blog\/#website"},"datePublished":"2021-05-31T17:00:35+00:00","dateModified":"2021-05-31T17:09:23+00:00","author":{"@id":"https:\/\/www.mautervillas.es\/blog\/#\/schema\/person\/54cf2feb092752231f0ca767e13effee"},"description":"Septiembre es un mes ideal para vivir Menorca: m\u00e1s relajada, menos intensa para dejarse llevar y encontrar su ritmo habitual de la isla.","breadcrumb":{"@id":"https:\/\/www.mautervillas.es\/blog\/7-razones-visitar-menorca-septiembre\/#breadcrumb"},"inLanguage":"es","potentialAction":[{"@type":"ReadAction","target":["https:\/\/www.mautervillas.es\/blog\/7-razones-visitar-menorca-septiembre\/"]}]},{"@type":"BreadcrumbList","@id":"https:\/\/www.mautervillas.es\/blog\/7-razones-visitar-menorca-septiembre\/#breadcrumb","itemListElement":[{"@type":"ListItem","position":1,"name":"Portada","item":"https:\/\/www.mautervillas.es\/blog\/"},{"@type":"ListItem","position":2,"name":"7 razones para visitar Menorca en septiembre"}]},{"@type":"WebSite","@id":"https:\/\/www.mautervillas.es\/blog\/#website","url":"https:\/\/www.mautervillas.es\/blog\/","name":"Mauter Villas","description":"Mautervillas","potentialAction":[{"@type":"SearchAction","target":{"@type":"EntryPoint","urlTemplate":"https:\/\/www.mautervillas.es\/blog\/?s={search_term_string}"},"query-input":"required name=search_term_string"}],"inLanguage":"es"},{"@type":"Person","@id":"https:\/\/www.mautervillas.es\/blog\/#\/schema\/person\/54cf2feb092752231f0ca767e13effee","name":"mautervillas","image":{"@type":"ImageObject","inLanguage":"es","@id":"https:\/\/www.mautervillas.es\/blog\/#\/schema\/person\/image\/","url":"https:\/\/secure.gravatar.com\/avatar\/b4995f53b9941a4c2f7ad71dd46886c21ceca85a6a231dad5441008abeed428c?s=96&d=mm&r=g","contentUrl":"https:\/\/secure.gravatar.com\/avatar\/b4995f53b9941a4c2f7ad71dd46886c21ceca85a6a231dad5441008abeed428c?s=96&d=mm&r=g","caption":"mautervillas"},"url":"https:\/\/www.mautervillas.es\/blog\/author\/mautervillas\/"}]}},"amp_enabled":true,"_links":{"self":[{"href":"https:\/\/www.mautervillas.es\/blog\/wp-json\/wp\/v2\/posts\/264","targetHints":{"allow":["GET"]}}],"collection":[{"href":"https:\/\/www.mautervillas.es\/blog\/wp-json\/wp\/v2\/posts"}],"about":[{"href":"https:\/\/www.mautervillas.es\/blog\/wp-json\/wp\/v2\/types\/post"}],"author":[{"embeddable":true,"href":"https:\/\/www.mautervillas.es\/blog\/wp-json\/wp\/v2\/users\/2"}],"replies":[{"embeddable":true,"href":"https:\/\/www.mautervillas.es\/blog\/wp-json\/wp\/v2\/comments?post=264"}],"version-history":[{"count":3,"href":"https:\/\/www.mautervillas.es\/blog\/wp-json\/wp\/v2\/posts\/264\/revisions"}],"predecessor-version":[{"id":280,"href":"https:\/\/www.mautervillas.es\/blog\/wp-json\/wp\/v2\/posts\/264\/revisions\/280"}],"wp:featuredmedia":[{"embeddable":true,"href":"https:\/\/www.mautervillas.es\/blog\/wp-json\/wp\/v2\/media\/266"}],"wp:attachment":[{"href":"https:\/\/www.mautervillas.es\/blog\/wp-json\/wp\/v2\/media?parent=264"}],"wp:term":[{"taxonomy":"category","embeddable":true,"href":"https:\/\/www.mautervillas.es\/blog\/wp-json\/wp\/v2\/categories?post=264"},{"taxonomy":"post_tag","embeddable":true,"href":"https:\/\/www.mautervillas.es\/blog\/wp-json\/wp\/v2\/tags?post=264"}],"curies":[{"name":"wp","href":"https:\/\/api.w.org\/{rel}","templated":true}]}}