{"id":1632,"date":"2026-08-21T02:17:01","date_gmt":"2026-08-21T00:17:01","guid":{"rendered":"https:\/\/www.mautervillas.es\/blog\/?p=1632"},"modified":"2026-08-21T03:36:23","modified_gmt":"2026-08-21T01:36:23","slug":"excursiones-desde-cala-blanca","status":"publish","type":"post","link":"https:\/\/www.mautervillas.es\/blog\/excursiones-desde-cala-blanca\/","title":{"rendered":"Excursiones de un d\u00eda desde Cala Blanca"},"content":{"rendered":"\n<p class=\"wp-block-paragraph\">Alojarte en Cala Blanca te sit\u00faa en el oeste de Menorca, una posici\u00f3n c\u00f3moda para combinar jornadas cercanas a Ciutadella con otras en las que s\u00ed compensa recorrer una parte mayor de la isla. La clave est\u00e1 en no organizar cada salida como una carrera por acumular lugares.<\/p>\n\n\n\n<p class=\"wp-block-paragraph\">Hay visitas que funcionan bien juntas porque comparten zona y accesos. Otras, en cambio, conviene reservarlas para un d\u00eda propio. Y si viajas sin coche, Ciutadella se convierte en el principal punto de conexi\u00f3n para buena parte de las excursiones desde Cala Blanca.<\/p>\n\n\n\n<p class=\"wp-block-paragraph\">Estas son las salidas que mejor encajan si quieres conocer zonas distintas de Menorca manteniendo Cala Blanca como base.<\/p>\n\n\n\n<div style=\"height:59px\" aria-hidden=\"true\" class=\"wp-block-spacer\"><\/div>\n\n\n\n<h2 class=\"wp-block-heading\"><strong>Excursiones desde Cala Blanca, de un vistazo<\/strong><\/h2>\n\n\n\n<figure class=\"wp-block-table\"><table><tbody><tr><td><strong>Excursi\u00f3n<\/strong><\/td><td><strong>Zona<\/strong><\/td><td><strong>Transporte recomendado<\/strong><\/td><td><strong>Ritmo<\/strong><\/td><td><strong>Encaja especialmente si buscas<\/strong><\/td><\/tr><tr><td>Ciutadella + Naveta des Tudons<\/td><td>Oeste e interior<\/td><td>Bus para Ciutadella; coche o taxi para ampliar la ruta<\/td><td>Tranquilo<\/td><td>Cultura y patrimonio<\/td><\/tr><tr><td>La Vall + Cala Morell<\/td><td>Noroeste<\/td><td>Coche o bus estacional v\u00eda Ciutadella<\/td><td>D\u00eda completo<\/td><td>Paisaje, ba\u00f1o y arqueolog\u00eda<\/td><\/tr><tr><td>Costa sur<\/td><td>Sur de Ciutadella<\/td><td>Coche o bus de playas en temporada<\/td><td>D\u00eda completo<\/td><td>Calas y mar<\/td><\/tr><tr><td>Cam\u00ed de Cavalls<\/td><td>Oeste<\/td><td>A pie, planificando el regreso<\/td><td>Activo<\/td><td>Senderismo<\/td><\/tr><tr><td>Fornells + Monte Toro<\/td><td>Centro y norte<\/td><td>Coche<\/td><td>D\u00eda completo<\/td><td>Pueblo costero y paisaje<\/td><\/tr><tr><td>Mah\u00f3n + Es Castell<\/td><td>Este<\/td><td>Coche; bus con m\u00e1s planificaci\u00f3n<\/td><td>D\u00eda largo<\/td><td>Ciudades, puerto e historia<\/td><\/tr><tr><td>Excursi\u00f3n en barco<\/td><td>Costa oeste y sur<\/td><td>Barco desde el puerto elegido<\/td><td>Medio d\u00eda o d\u00eda completo<\/td><td>Ver la costa desde el mar<\/td><\/tr><\/tbody><\/table><\/figure>\n\n\n\n<div style=\"height:59px\" aria-hidden=\"true\" class=\"wp-block-spacer\"><\/div>\n\n\n\n<h3 class=\"wp-block-heading\"><strong>Si est\u00e1s en Cala Blanca sin coche<\/strong><\/h3>\n\n\n\n<p class=\"wp-block-paragraph\">El transporte p\u00fablico permite organizar varias de estas jornadas, pero normalmente tendr\u00e1s que pasar primero por Ciutadella. En temporada de verano, Cala Blanca est\u00e1 conectada con Ciutadella y desde all\u00ed funcionan servicios hacia destinos como Cala Morell y La Vall, Son Saura, Cala Turqueta o Macarella.<\/p>\n\n\n\n<p class=\"wp-block-paragraph\">Las l\u00edneas de playa, sus frecuencias y sus periodos de funcionamiento cambian seg\u00fan la temporada. Revisa el horario vigente antes de salir y ten en cuenta que, en espacios naturales, la parada del autob\u00fas puede quedar a cierta distancia del punto final.<\/p>\n\n\n\n<p class=\"wp-block-paragraph\">Para Ciutadella, algunas playas del sur y determinadas salidas en barco, viajar sin coche es bastante asumible. Para combinar Fornells con Monte Toro o dedicar un d\u00eda al este de la isla, disponer de veh\u00edculo simplifica mucho la jornada.<\/p>\n\n\n\n<div style=\"height:59px\" aria-hidden=\"true\" class=\"wp-block-spacer\"><\/div>\n\n\n\n<h2 class=\"wp-block-heading\"><strong>Ciutadella y la Naveta des Tudons: el d\u00eda cultural m\u00e1s cercano<\/strong><\/h2>\n\n\n\n<figure class=\"wp-block-image size-large\"><img loading=\"lazy\" decoding=\"async\" width=\"1400\" height=\"630\" src=\"https:\/\/www.mautervillas.es\/blog\/wp-content\/uploads\/2026\/08\/ciutadella-puerto-historico-al-atardecer-1400x630.webp\" alt=\"\" class=\"wp-image-1637\"\/><\/figure>\n\n\n\n<p class=\"wp-block-paragraph\">Ciutadella es la excursi\u00f3n que menos obliga a pensar en kil\u00f3metros. Desde Cala Blanca puedes ir en transporte p\u00fablico y dedicar la ma\u00f1ana a recorrer el centro hist\u00f3rico, pasar por el mercado, acercarte al puerto y detenerte en aquello que realmente te interese sin llenar el d\u00eda de traslados.<\/p>\n\n\n\n<p class=\"wp-block-paragraph\">Si llevas coche \u2014o quieres completar el recorrido en taxi\u2014, la Naveta des Tudons encaja bien como segunda parte de la jornada. Este monumento funerario es una de las referencias del patrimonio prehist\u00f3rico menorqu\u00edn y forma parte del paisaje arqueol\u00f3gico de Menorca Talay\u00f3tica.<\/p>\n\n\n\n<p class=\"wp-block-paragraph\">No hace falta convertir la visita en una ruta por varios yacimientos. Ciutadella y la Naveta ya forman un d\u00eda cultural coherente y dejan margen para regresar a Cala Blanca sin haber pasado media jornada conduciendo.<\/p>\n\n\n\n<p class=\"wp-block-paragraph\">El acceso y los horarios de la Naveta est\u00e1n regulados, por lo que conviene comprobar la informaci\u00f3n actualizada antes de desplazarte, especialmente si quieres visitarla a \u00faltima hora.<\/p>\n\n\n\n<p class=\"wp-block-paragraph\"><strong>Para qui\u00e9n funciona:<\/strong> viajeros interesados en patrimonio, familias que prefieren una jornada con pocos desplazamientos y cualquiera que quiera alternar playa con un d\u00eda urbano.<\/p>\n\n\n\n<div style=\"height:59px\" aria-hidden=\"true\" class=\"wp-block-spacer\"><\/div>\n\n\n\n<h2 class=\"wp-block-heading\"><strong>La Vall y Cala Morell: una jornada para descubrir el noroeste<\/strong><\/h2>\n\n\n\n<p class=\"wp-block-paragraph\">El norte de Ciutadella cambia bastante respecto al paisaje que encuentras alrededor de Cala Blanca. Una forma razonable de comprobarlo es dedicar el d\u00eda a La Vall d&#8217;Algaiarens y Cala Morell, dos zonas que pueden combinarse sin ir saltando de una punta a otra de Menorca.<\/p>\n\n\n\n<p class=\"wp-block-paragraph\">Puedes reservar la primera parte del d\u00eda para La Vall y dejar Cala Morell para despu\u00e9s. All\u00ed, adem\u00e1s de la propia cala y el paisaje de la costa norte, est\u00e1 la necr\u00f3polis de Cala Morell, un conjunto de cuevas funerarias excavadas en la roca que a\u00f1ade una visita cultural breve al recorrido.<\/p>\n\n\n\n<p class=\"wp-block-paragraph\">En temporada tambi\u00e9n existe transporte desde Ciutadella hacia La Vall y Cala Morell, de modo que esta es una de las excursiones del norte que puede plantearse sin coche si los horarios encajan con tu d\u00eda.<\/p>\n\n\n\n<div style=\"height:59px\" aria-hidden=\"true\" class=\"wp-block-spacer\"><\/div>\n\n\n\n<h3 class=\"wp-block-heading\"><strong>\u00bfY Punta Nati?<\/strong><\/h3>\n\n\n\n<p class=\"wp-block-paragraph\">Punta Nati puede incorporarse al final de la jornada si quieres alargarla, aunque no es necesario a\u00f1adirla para que la ruta tenga sentido. Ir a La Vall, Cala Morell y Punta Nati con prisas acaba convirtiendo una ruta bastante limpia en una sucesi\u00f3n de desplazamientos.<\/p>\n\n\n\n<p class=\"wp-block-paragraph\">Si quieres acercarte al faro al final del d\u00eda, comprueba antes c\u00f3mo est\u00e1 organizado el acceso. En determinados periodos existe un servicio espec\u00edfico desde Ciutadella y puede requerir reserva previa.<\/p>\n\n\n\n<p class=\"wp-block-paragraph\">Otra opci\u00f3n es guardar Punta Nati para una tarde distinta. Desde Cala Blanca no necesitas llenar cada excursi\u00f3n hasta el \u00faltimo minuto para justificar la salida.<\/p>\n\n\n\n<div style=\"height:59px\" aria-hidden=\"true\" class=\"wp-block-spacer\"><\/div>\n\n\n\n<h2 class=\"wp-block-heading\"><strong>Costa sur: elige bien una zona en lugar de encadenar calas<\/strong><\/h2>\n\n\n\n<p class=\"wp-block-paragraph\">Una excursi\u00f3n por la costa sur no deber\u00eda consistir en intentar ver cuatro playas el mismo d\u00eda. Entre accesos, caminos a pie, aparcamiento y tiempo de ba\u00f1o, el resultado suele ser m\u00e1s coche y menos costa.<\/p>\n\n\n\n<p class=\"wp-block-paragraph\">Desde Cala Blanca puedes plantear, por ejemplo, un d\u00eda centrado en Cala Turqueta o Son Saura. Otra alternativa es Cala Galdana si prefieres una zona con m\u00e1s servicios y una log\u00edstica diferente. La elecci\u00f3n depende m\u00e1s de c\u00f3mo quieres pasar el d\u00eda que de acumular nombres conocidos.<\/p>\n\n\n\n<p class=\"wp-block-paragraph\">Durante la temporada tur\u00edstica funcionan autobuses desde Ciutadella hacia varias playas del sur. Es una alternativa especialmente interesante cuando el acceso en veh\u00edculo privado est\u00e1 condicionado por la capacidad de los aparcamientos o por medidas estacionales.<\/p>\n\n\n\n<p class=\"wp-block-paragraph\">Como accesos y servicios cambian seg\u00fan la cala y el momento del a\u00f1o, hemos desarrollado esta parte en una gu\u00eda independiente. Si est\u00e1s decidiendo qu\u00e9 playa encaja mejor en tu ruta, consulta nuestra<a href=\"https:\/\/www.mautervillas.es\/blog\/playas-cerca-cala-blanca-menorca\/\"> gu\u00eda de playas y calas cerca de Cala Blanca<\/a>.<\/p>\n\n\n\n<p class=\"wp-block-paragraph\">As\u00ed puedes utilizar este d\u00eda como una verdadera excursi\u00f3n de costa sin repetir aqu\u00ed otra lista de playas.<\/p>\n\n\n\n<div style=\"height:59px\" aria-hidden=\"true\" class=\"wp-block-spacer\"><\/div>\n\n\n\n<h2 class=\"wp-block-heading\"><strong>Cam\u00ed de Cavalls desde Cala Blanca: una excursi\u00f3n para caminar, no para marcar kil\u00f3metros<\/strong><\/h2>\n\n\n\n<figure class=\"wp-block-image size-large\"><img loading=\"lazy\" decoding=\"async\" width=\"1400\" height=\"630\" src=\"https:\/\/www.mautervillas.es\/blog\/wp-content\/uploads\/2026\/08\/cami-de-cavalls-senderismo-por-la-costa-menorquina-1400x630.webp\" alt=\"\" class=\"wp-image-1640\"\/><\/figure>\n\n\n\n<p class=\"wp-block-paragraph\">Cala Blanca est\u00e1 conectada con el sector occidental del Cam\u00ed de Cavalls, as\u00ed que no necesitas desplazarte a la otra punta de Menorca para incluir una jornada de senderismo durante tus vacaciones.<\/p>\n\n\n\n<p class=\"wp-block-paragraph\">Lo importante es decidir de antemano hasta d\u00f3nde quieres caminar y, sobre todo, c\u00f3mo vas a regresar. Un tramo lineal con transporte de vuelta exige una organizaci\u00f3n distinta de una salida corta en la que puedas volver caminando al alojamiento.<\/p>\n\n\n\n<p class=\"wp-block-paragraph\">Tambi\u00e9n conviene adaptar la ruta al calor, al viento y al nivel del grupo. Agua suficiente, protecci\u00f3n solar y calzado adecuado importan m\u00e1s que intentar completar una distancia determinada porque aparezca recomendada en una gu\u00eda.<\/p>\n\n\n\n<p class=\"wp-block-paragraph\">Para elegir el tramo y preparar la ida y el regreso, puedes consultar nuestra gu\u00eda del<a href=\"https:\/\/www.mautervillas.es\/blog\/cami-de-cavalls-cala-blanca\/\"> Cam\u00ed de Cavalls desde Cala Blanca<\/a>.<\/p>\n\n\n\n<p class=\"wp-block-paragraph\">Este plan encaja especialmente bien si quieres intercalar un d\u00eda activo entre jornadas de playa o visitas culturales.<\/p>\n\n\n\n<div style=\"height:59px\" aria-hidden=\"true\" class=\"wp-block-spacer\"><\/div>\n\n\n\n<h2 class=\"wp-block-heading\"><strong>Fornells y Monte Toro: del centro de la isla a la costa norte<\/strong><\/h2>\n\n\n\n<p class=\"wp-block-paragraph\">Fornells y Monte Toro forman una combinaci\u00f3n bastante m\u00e1s l\u00f3gica que intentar sumar varios cabos y playas del norte en una misma salida.<\/p>\n\n\n\n<p class=\"wp-block-paragraph\">Puedes empezar por Fornells, recorrer el n\u00facleo junto al puerto y dedicar tiempo a la bah\u00eda sin convertir la visita en una simple parada para comer. Despu\u00e9s, el regreso hacia el interior permite acercarse a Monte Toro, en el t\u00e9rmino de Es Mercadal, desde donde se obtiene una perspectiva muy distinta del centro de Menorca.<\/p>\n\n\n\n<p class=\"wp-block-paragraph\">La combinaci\u00f3n funciona porque cambia de paisaje sin obligarte a enlazar carreteras secundarias durante todo el d\u00eda: primero un pueblo costero del norte y despu\u00e9s el punto elevado del centro de la isla.<\/p>\n\n\n\n<p class=\"wp-block-paragraph\">Desde Cala Blanca recomendamos hacer esta excursi\u00f3n en coche. Con transporte p\u00fablico puedes llegar a poblaciones del centro y del norte, pero combinar ambos lugares dentro de la misma jornada resulta bastante menos fluido.<\/p>\n\n\n\n<p class=\"wp-block-paragraph\">Si viajas sin veh\u00edculo, reservar\u00eda Fornells para una salida propia o elegir\u00eda una de las excursiones con conexiones m\u00e1s sencillas desde Ciutadella.<\/p>\n\n\n\n<div style=\"height:59px\" aria-hidden=\"true\" class=\"wp-block-spacer\"><\/div>\n\n\n\n<h2 class=\"wp-block-heading\"><strong>Mah\u00f3n y Es Castell: un d\u00eda para conocer el este de Menorca<\/strong><\/h2>\n\n\n\n<p class=\"wp-block-paragraph\">Esta es una de las jornadas que m\u00e1s desplazamiento exige desde Cala Blanca. Precisamente por eso conviene plantearla como un d\u00eda dedicado al este y no a\u00f1adir paradas por el centro, una playa del sur y alg\u00fan faro por el camino.<\/p>\n\n\n\n<p class=\"wp-block-paragraph\">En Mah\u00f3n puedes concentrarte en el casco urbano y la zona del puerto. Despu\u00e9s, Es Castell funciona como continuaci\u00f3n natural de la ruta: est\u00e1 en el mismo extremo de la isla y permite terminar la jornada en un ambiente diferente, por ejemplo alrededor de Cales Fonts.<\/p>\n\n\n\n<p class=\"wp-block-paragraph\">Con coche, la combinaci\u00f3n es sencilla de ordenar. Sin \u00e9l, puedes enlazar Cala Blanca con Ciutadella y utilizar despu\u00e9s la red interurbana hacia Mah\u00f3n, pero debes contar con transbordos y dedicar m\u00e1s margen al transporte.<\/p>\n\n\n\n<p class=\"wp-block-paragraph\">\u00bfA\u00f1adir tambi\u00e9n Binibeca? Solo lo har\u00edamos si tienes un motivo concreto para visitarla y has salido temprano. Mah\u00f3n y Es Castell ya dan contenido suficiente a una excursi\u00f3n desde Cala Blanca, y sumar otro desv\u00edo puede hacer que pases el d\u00eda pendiente del reloj.<\/p>\n\n\n\n<p class=\"wp-block-paragraph\">Es una buena elecci\u00f3n cuando llevas varios d\u00edas en el oeste y quieres entender mejor el contraste entre las dos principales ciudades de Menorca y sus respectivos entornos.<\/p>\n\n\n\n<div style=\"height:59px\" aria-hidden=\"true\" class=\"wp-block-spacer\"><\/div>\n\n\n\n<h2 class=\"wp-block-heading\"><strong>Una excursi\u00f3n en barco desde Ciutadella o Cala&#8217;n Bosch<\/strong><\/h2>\n\n\n\n<figure class=\"wp-block-image size-large\"><img loading=\"lazy\" decoding=\"async\" width=\"1400\" height=\"630\" src=\"https:\/\/www.mautervillas.es\/blog\/wp-content\/uploads\/2026\/08\/excursion-en-barco-cala-de-la-costa-sur-con-aguas-turquesas-1400x630.webp\" alt=\"\" class=\"wp-image-1643\"\/><\/figure>\n\n\n\n<p class=\"wp-block-paragraph\">Para recorrer la costa desde Cala Blanca tampoco es necesario que el barco salga de Cala Blanca. Los dos puntos que conviene mirar son Ciutadella y el puerto de Cala&#8217;n Bosch, donde operan salidas de distinta duraci\u00f3n hacia la costa occidental y meridional.<\/p>\n\n\n\n<p class=\"wp-block-paragraph\">Hay propuestas de medio d\u00eda y excursiones que ocupan buena parte de la jornada. Antes de reservar, f\u00edjate en el puerto exacto de embarque, la duraci\u00f3n real, las paradas previstas, qu\u00e9 incluye el precio y las condiciones en caso de mala mar o cambios meteorol\u00f3gicos.<\/p>\n\n\n\n<p class=\"wp-block-paragraph\">La diferencia entre una salida de tres o cuatro horas y un recorrido de d\u00eda completo es importante. La primera todav\u00eda permite organizar algo m\u00e1s antes o despu\u00e9s; la segunda conviene tratarla como la actividad principal de la jornada.<\/p>\n\n\n\n<p class=\"wp-block-paragraph\">Si dependes del autob\u00fas, comprueba tambi\u00e9n el desplazamiento hasta el puerto y el horario de regreso antes de comprar la excursi\u00f3n. El horario del barco por s\u00ed solo no resuelve la log\u00edstica desde tu alojamiento.<\/p>\n\n\n\n<div style=\"height:59px\" aria-hidden=\"true\" class=\"wp-block-spacer\"><\/div>\n\n\n\n<h2 class=\"wp-block-heading\"><strong>Qu\u00e9 excursi\u00f3n elegir seg\u00fan tu forma de viajar<\/strong><\/h2>\n\n\n\n<p class=\"wp-block-paragraph\">Si est\u00e1s varios d\u00edas en Cala Blanca, no hace falta realizar todas las propuestas. Elegir dos o tres d\u00edas distintos suele aportar m\u00e1s que repetir jornadas parecidas.<\/p>\n\n\n\n<ul class=\"wp-block-list\">\n<li><strong>Si viajas sin coche<\/strong>, prioriza Ciutadella y las salidas que puedas conectar desde su estaci\u00f3n de autobuses, incluidas varias playas en temporada. Para Mah\u00f3n, calcula el tiempo adicional de los enlaces.<\/li>\n\n\n\n<li><strong>Si viajas con ni\u00f1os<\/strong>, las jornadas con menos cambios de transporte suelen ser m\u00e1s c\u00f3modas. Ciutadella, una \u00fanica zona de costa o una salida en barco de duraci\u00f3n contenida permiten ajustar mejor el d\u00eda al ritmo del grupo.<\/li>\n\n\n\n<li><strong>Si buscas senderismo<\/strong>, reserva una jornada para el Cam\u00ed de Cavalls y prepara antes el regreso; no lo a\u00f1adas como una actividad secundaria despu\u00e9s de un d\u00eda de carretera.<\/li>\n\n\n\n<li><strong>Si te interesa el patrimonio<\/strong>, Ciutadella con la Naveta des Tudons es la opci\u00f3n cercana; Mah\u00f3n y Es Castell ofrecen un segundo d\u00eda cultural bastante diferente.<\/li>\n\n\n\n<li><strong>Si quieres conocer paisajes distintos<\/strong>, combina un d\u00eda de costa sur con otro en La Vall y Cala Morell, o sube hacia Fornells y el centro de la isla.<\/li>\n\n\n\n<li><strong>Si es tu primera estancia en Menorca<\/strong>, alterna excursiones pr\u00f3ximas con una jornada m\u00e1s larga hacia el este. As\u00ed conocer\u00e1s varias zonas sin convertir todos los d\u00edas en desplazamientos largos.<\/li>\n<\/ul>\n\n\n\n<p class=\"wp-block-paragraph\">Si est\u00e1s organizando toda la estancia y todav\u00eda no sabes cu\u00e1nto espacio reservar para excursiones, tambi\u00e9n puedes consultar nuestra<a href=\"https:\/\/www.mautervillas.es\/blog\/guia-viaje-semana-menorca\/\"> gu\u00eda para un viaje de una semana a Menorca<\/a>.<\/p>\n\n\n\n<div style=\"height:59px\" aria-hidden=\"true\" class=\"wp-block-spacer\"><\/div>\n\n\n\n<h2 class=\"wp-block-heading\"><strong>Mejores alojamientos de Cala Blanca para usar la zona como base<\/strong><\/h2>\n\n\n\n<p class=\"wp-block-paragraph\">Para recorrer Menorca desde Cala Blanca, no existe un \u00fanico alojamiento que sea el mejor para todos. Depende de cu\u00e1ntas personas viaj\u00e1is, si vais a alquilar coche, cu\u00e1nto valor\u00e1is estar cerca del mar y qu\u00e9 espacio quer\u00e9is encontrar al volver de una excursi\u00f3n.<\/p>\n\n\n\n<p class=\"wp-block-paragraph\">Entre los alojamientos disponibles actualmente, hemos seleccionado tres opciones que representan perfiles de viaje diferentes: una pareja o familia peque\u00f1a, cuatro personas que prefieren dos dormitorios y una familia o grupo que busca m\u00e1s capacidad y espacio exterior.<\/p>\n\n\n\n<div style=\"height:59px\" aria-hidden=\"true\" class=\"wp-block-spacer\"><\/div>\n\n\n\n<h3 class=\"wp-block-heading\"><strong><a href=\"https:\/\/www.mautervillas.es\/alquiler\/apartamento-cala-blanca-apartamento-c1-mar-blanca-675623.html\">Apartamento C1 Mar Blanca<\/a><\/strong><\/h3>\n\n\n\n<figure class=\"wp-block-image size-large\"><img loading=\"lazy\" decoding=\"async\" width=\"1400\" height=\"630\" src=\"https:\/\/www.mautervillas.es\/blog\/wp-content\/uploads\/2026\/08\/Mauter-Villas-Apartamento-C1-Mar-Blanca-1400x630.webp\" alt=\"\" class=\"wp-image-1649\"\/><\/figure>\n\n\n\n<p class=\"wp-block-paragraph\">Es una opci\u00f3n para parejas o familias peque\u00f1as que priorizan estar cerca de la playa y disponer de una conexi\u00f3n sencilla con la zona. Tiene un dormitorio, capacidad m\u00e1xima para cuatro ocupantes, aire acondicionado, acceso a piscina comunitaria y se encuentra a unos 100 metros de la playa de arena. La ficha tambi\u00e9n se\u00f1ala una parada de autob\u00fas pr\u00f3xima.<\/p>\n\n\n\n<p class=\"wp-block-paragraph\">Puede encajar si quieres combinar algunos d\u00edas de coche con otros en los que prefieres ir a Ciutadella en transporte p\u00fablico.<\/p>\n\n\n\n<div style=\"height:59px\" aria-hidden=\"true\" class=\"wp-block-spacer\"><\/div>\n\n\n\n<h3 class=\"wp-block-heading\"><strong><a href=\"https:\/\/www.mautervillas.es\/alquiler\/apartamento-cala-blanca-apartamento-fona-524733.html\">Apartamento FONA<\/a><\/strong><\/h3>\n\n\n\n<figure class=\"wp-block-image size-large\"><img loading=\"lazy\" decoding=\"async\" width=\"1400\" height=\"630\" src=\"https:\/\/www.mautervillas.es\/blog\/wp-content\/uploads\/2026\/08\/Mauter-Villas-Apartamento-FONA-1400x630.webp\" alt=\"\" class=\"wp-image-1652\"\/><\/figure>\n\n\n\n<p class=\"wp-block-paragraph\">FONA dispone de dos dormitorios y capacidad para cuatro personas. Cuenta con piscina comunitaria, conexi\u00f3n a internet y aire acondicionado, y la ficha actual lo sit\u00faa a unos 250 metros de la playa.<\/p>\n\n\n\n<p class=\"wp-block-paragraph\">Frente a una unidad de un solo dormitorio, ofrece una distribuci\u00f3n m\u00e1s pr\u00e1ctica cuando viajan cuatro personas que quieren mantener espacios de descanso separados despu\u00e9s de pasar el d\u00eda fuera.<\/p>\n\n\n\n<div style=\"height:59px\" aria-hidden=\"true\" class=\"wp-block-spacer\"><\/div>\n\n\n\n<h3 class=\"wp-block-heading\"><strong><a href=\"https:\/\/www.mautervillas.es\/alquiler\/villa-cala-blanca-menorca-binisaret-1-320825.html\">Menorca Binisaret 1<\/a><\/strong><\/h3>\n\n\n\n<figure class=\"wp-block-image size-large\"><img loading=\"lazy\" decoding=\"async\" width=\"1400\" height=\"630\" src=\"https:\/\/www.mautervillas.es\/blog\/wp-content\/uploads\/2026\/08\/Mauter-Villas-Menorca-Binisaret-1-1400x630.webp\" alt=\"\" class=\"wp-image-1646\"\/><\/figure>\n\n\n\n<p class=\"wp-block-paragraph\">Para grupos o familias m\u00e1s numerosas, Binisaret 1 es una villa con capacidad para siete personas y cuatro dormitorios. Dispone de jard\u00edn, piscina privada de agua salada y aparcamiento en la propia propiedad; su ficha la sit\u00faa a unos 100 metros de la playa de Cala Blanca.<\/p>\n\n\n\n<p class=\"wp-block-paragraph\">Es un ejemplo de una base distinta: m\u00e1s espacio exterior y capacidad, especialmente \u00fatil cuando el grupo se mueve en coche y quiere volver al mismo alojamiento despu\u00e9s de recorrer diferentes zonas de Menorca.<\/p>\n\n\n\n<p class=\"wp-block-paragraph\">El inventario y la disponibilidad cambian seg\u00fan las fechas. Puedes<a href=\"https:\/\/www.mautervillas.es\/alquiler\/alquileres-cala-blanca-d216132\/\"> consultar los alojamientos disponibles de Mauter Villas en Cala Blanca<\/a> y comparar capacidad, tipo de alojamiento, ubicaci\u00f3n y servicios antes de decidir.<\/p>\n\n\n\n<p class=\"wp-block-paragraph\">Si todav\u00eda est\u00e1s valorando qu\u00e9 formato te conviene, nuestra gu\u00eda sobre<a href=\"https:\/\/www.mautervillas.es\/blog\/alojamiento-cala-blanca\/\"> hotel, apartamento o villa en Cala Blanca<\/a> te ayudar\u00e1 a elegir la base en funci\u00f3n de c\u00f3mo quieras organizar tus vacaciones.<\/p>\n\n\n\n<div style=\"height:59px\" aria-hidden=\"true\" class=\"wp-block-spacer\"><\/div>\n","protected":false},"excerpt":{"rendered":"<p>Alojarte en Cala Blanca te sit\u00faa en el oeste de Menorca, una posici\u00f3n c\u00f3moda para combinar jornadas cercanas a Ciutadella&#8230;<\/p>\n","protected":false},"author":2,"featured_media":1634,"comment_status":"open","ping_status":"closed","sticky":false,"template":"","format":"standard","meta":{"footnotes":""},"categories":[27],"tags":[],"class_list":["post-1632","post","type-post","status-publish","format-standard","has-post-thumbnail","hentry","category-planes-en-menorca"],"yoast_head":"<!-- This site is optimized with the Yoast SEO plugin v20.6 - https:\/\/yoast.com\/wordpress\/plugins\/seo\/ -->\n<title>Excursiones desde Cala Blanca: 7 planes por Menorca - Mauter Villas<\/title>\n<meta name=\"description\" content=\"Organiza tus excursiones desde Cala Blanca con rutas l\u00f3gicas por Ciutadella, costa norte y sur, Cam\u00ed de Cavalls, Fornells, Mah\u00f3n y barco.\" \/>\n<meta name=\"robots\" content=\"index, follow, max-snippet:-1, max-image-preview:large, max-video-preview:-1\" \/>\n<link rel=\"canonical\" href=\"https:\/\/www.mautervillas.es\/blog\/excursiones-desde-cala-blanca\/\" \/>\n<meta property=\"og:locale\" content=\"es_ES\" \/>\n<meta property=\"og:type\" content=\"article\" \/>\n<meta property=\"og:title\" content=\"Excursiones desde Cala Blanca: 7 planes por Menorca - Mauter Villas\" \/>\n<meta property=\"og:description\" content=\"Organiza tus excursiones desde Cala Blanca con rutas l\u00f3gicas por Ciutadella, costa norte y sur, Cam\u00ed de Cavalls, Fornells, Mah\u00f3n y barco.\" \/>\n<meta property=\"og:url\" content=\"https:\/\/www.mautervillas.es\/blog\/excursiones-desde-cala-blanca\/\" \/>\n<meta property=\"og:site_name\" content=\"Mauter Villas\" \/>\n<meta property=\"article:published_time\" content=\"2026-08-21T00:17:01+00:00\" \/>\n<meta property=\"article:modified_time\" content=\"2026-08-21T01:36:23+00:00\" \/>\n<meta property=\"og:image\" content=\"https:\/\/www.mautervillas.es\/blog\/wp-content\/uploads\/2026\/08\/vista-aerea-cala-blanca.webp\" \/>\n\t<meta property=\"og:image:width\" content=\"1400\" \/>\n\t<meta property=\"og:image:height\" content=\"788\" \/>\n\t<meta property=\"og:image:type\" content=\"image\/webp\" \/>\n<meta name=\"author\" content=\"mautervillas\" \/>\n<meta name=\"twitter:card\" content=\"summary_large_image\" \/>\n<meta name=\"twitter:label1\" content=\"Escrito por\" \/>\n\t<meta name=\"twitter:data1\" content=\"mautervillas\" \/>\n\t<meta name=\"twitter:label2\" content=\"Tiempo de lectura\" \/>\n\t<meta name=\"twitter:data2\" content=\"13 minutos\" \/>\n<script type=\"application\/ld+json\" class=\"yoast-schema-graph\">{\"@context\":\"https:\/\/schema.org\",\"@graph\":[{\"@type\":\"WebPage\",\"@id\":\"https:\/\/www.mautervillas.es\/blog\/excursiones-desde-cala-blanca\/\",\"url\":\"https:\/\/www.mautervillas.es\/blog\/excursiones-desde-cala-blanca\/\",\"name\":\"Excursiones desde Cala Blanca: 7 planes por Menorca - Mauter Villas\",\"isPartOf\":{\"@id\":\"https:\/\/www.mautervillas.es\/blog\/#website\"},\"datePublished\":\"2026-08-21T00:17:01+00:00\",\"dateModified\":\"2026-08-21T01:36:23+00:00\",\"author\":{\"@id\":\"https:\/\/www.mautervillas.es\/blog\/#\/schema\/person\/54cf2feb092752231f0ca767e13effee\"},\"description\":\"Organiza tus excursiones desde Cala Blanca con rutas l\u00f3gicas por Ciutadella, costa norte y sur, Cam\u00ed de Cavalls, Fornells, Mah\u00f3n y barco.\",\"breadcrumb\":{\"@id\":\"https:\/\/www.mautervillas.es\/blog\/excursiones-desde-cala-blanca\/#breadcrumb\"},\"inLanguage\":\"es\",\"potentialAction\":[{\"@type\":\"ReadAction\",\"target\":[\"https:\/\/www.mautervillas.es\/blog\/excursiones-desde-cala-blanca\/\"]}]},{\"@type\":\"BreadcrumbList\",\"@id\":\"https:\/\/www.mautervillas.es\/blog\/excursiones-desde-cala-blanca\/#breadcrumb\",\"itemListElement\":[{\"@type\":\"ListItem\",\"position\":1,\"name\":\"Portada\",\"item\":\"https:\/\/www.mautervillas.es\/blog\/\"},{\"@type\":\"ListItem\",\"position\":2,\"name\":\"Excursiones de un d\u00eda desde Cala Blanca\"}]},{\"@type\":\"WebSite\",\"@id\":\"https:\/\/www.mautervillas.es\/blog\/#website\",\"url\":\"https:\/\/www.mautervillas.es\/blog\/\",\"name\":\"Mauter Villas\",\"description\":\"Mautervillas\",\"potentialAction\":[{\"@type\":\"SearchAction\",\"target\":{\"@type\":\"EntryPoint\",\"urlTemplate\":\"https:\/\/www.mautervillas.es\/blog\/?s={search_term_string}\"},\"query-input\":\"required name=search_term_string\"}],\"inLanguage\":\"es\"},{\"@type\":\"Person\",\"@id\":\"https:\/\/www.mautervillas.es\/blog\/#\/schema\/person\/54cf2feb092752231f0ca767e13effee\",\"name\":\"mautervillas\",\"image\":{\"@type\":\"ImageObject\",\"inLanguage\":\"es\",\"@id\":\"https:\/\/www.mautervillas.es\/blog\/#\/schema\/person\/image\/\",\"url\":\"https:\/\/secure.gravatar.com\/avatar\/b4995f53b9941a4c2f7ad71dd46886c21ceca85a6a231dad5441008abeed428c?s=96&d=mm&r=g\",\"contentUrl\":\"https:\/\/secure.gravatar.com\/avatar\/b4995f53b9941a4c2f7ad71dd46886c21ceca85a6a231dad5441008abeed428c?s=96&d=mm&r=g\",\"caption\":\"mautervillas\"},\"url\":\"https:\/\/www.mautervillas.es\/blog\/author\/mautervillas\/\"}]}<\/script>\n<!-- \/ Yoast SEO plugin. -->","yoast_head_json":{"title":"Excursiones desde Cala Blanca: 7 planes por Menorca - Mauter Villas","description":"Organiza tus excursiones desde Cala Blanca con rutas l\u00f3gicas por Ciutadella, costa norte y sur, Cam\u00ed de Cavalls, Fornells, Mah\u00f3n y barco.","robots":{"index":"index","follow":"follow","max-snippet":"max-snippet:-1","max-image-preview":"max-image-preview:large","max-video-preview":"max-video-preview:-1"},"canonical":"https:\/\/www.mautervillas.es\/blog\/excursiones-desde-cala-blanca\/","og_locale":"es_ES","og_type":"article","og_title":"Excursiones desde Cala Blanca: 7 planes por Menorca - Mauter Villas","og_description":"Organiza tus excursiones desde Cala Blanca con rutas l\u00f3gicas por Ciutadella, costa norte y sur, Cam\u00ed de Cavalls, Fornells, Mah\u00f3n y barco.","og_url":"https:\/\/www.mautervillas.es\/blog\/excursiones-desde-cala-blanca\/","og_site_name":"Mauter Villas","article_published_time":"2026-08-21T00:17:01+00:00","article_modified_time":"2026-08-21T01:36:23+00:00","og_image":[{"width":1400,"height":788,"url":"https:\/\/www.mautervillas.es\/blog\/wp-content\/uploads\/2026\/08\/vista-aerea-cala-blanca.webp","type":"image\/webp"}],"author":"mautervillas","twitter_card":"summary_large_image","twitter_misc":{"Escrito por":"mautervillas","Tiempo de lectura":"13 minutos"},"schema":{"@context":"https:\/\/schema.org","@graph":[{"@type":"WebPage","@id":"https:\/\/www.mautervillas.es\/blog\/excursiones-desde-cala-blanca\/","url":"https:\/\/www.mautervillas.es\/blog\/excursiones-desde-cala-blanca\/","name":"Excursiones desde Cala Blanca: 7 planes por Menorca - Mauter Villas","isPartOf":{"@id":"https:\/\/www.mautervillas.es\/blog\/#website"},"datePublished":"2026-08-21T00:17:01+00:00","dateModified":"2026-08-21T01:36:23+00:00","author":{"@id":"https:\/\/www.mautervillas.es\/blog\/#\/schema\/person\/54cf2feb092752231f0ca767e13effee"},"description":"Organiza tus excursiones desde Cala Blanca con rutas l\u00f3gicas por Ciutadella, costa norte y sur, Cam\u00ed de Cavalls, Fornells, Mah\u00f3n y barco.","breadcrumb":{"@id":"https:\/\/www.mautervillas.es\/blog\/excursiones-desde-cala-blanca\/#breadcrumb"},"inLanguage":"es","potentialAction":[{"@type":"ReadAction","target":["https:\/\/www.mautervillas.es\/blog\/excursiones-desde-cala-blanca\/"]}]},{"@type":"BreadcrumbList","@id":"https:\/\/www.mautervillas.es\/blog\/excursiones-desde-cala-blanca\/#breadcrumb","itemListElement":[{"@type":"ListItem","position":1,"name":"Portada","item":"https:\/\/www.mautervillas.es\/blog\/"},{"@type":"ListItem","position":2,"name":"Excursiones de un d\u00eda desde Cala Blanca"}]},{"@type":"WebSite","@id":"https:\/\/www.mautervillas.es\/blog\/#website","url":"https:\/\/www.mautervillas.es\/blog\/","name":"Mauter Villas","description":"Mautervillas","potentialAction":[{"@type":"SearchAction","target":{"@type":"EntryPoint","urlTemplate":"https:\/\/www.mautervillas.es\/blog\/?s={search_term_string}"},"query-input":"required name=search_term_string"}],"inLanguage":"es"},{"@type":"Person","@id":"https:\/\/www.mautervillas.es\/blog\/#\/schema\/person\/54cf2feb092752231f0ca767e13effee","name":"mautervillas","image":{"@type":"ImageObject","inLanguage":"es","@id":"https:\/\/www.mautervillas.es\/blog\/#\/schema\/person\/image\/","url":"https:\/\/secure.gravatar.com\/avatar\/b4995f53b9941a4c2f7ad71dd46886c21ceca85a6a231dad5441008abeed428c?s=96&d=mm&r=g","contentUrl":"https:\/\/secure.gravatar.com\/avatar\/b4995f53b9941a4c2f7ad71dd46886c21ceca85a6a231dad5441008abeed428c?s=96&d=mm&r=g","caption":"mautervillas"},"url":"https:\/\/www.mautervillas.es\/blog\/author\/mautervillas\/"}]}},"amp_enabled":true,"_links":{"self":[{"href":"https:\/\/www.mautervillas.es\/blog\/wp-json\/wp\/v2\/posts\/1632","targetHints":{"allow":["GET"]}}],"collection":[{"href":"https:\/\/www.mautervillas.es\/blog\/wp-json\/wp\/v2\/posts"}],"about":[{"href":"https:\/\/www.mautervillas.es\/blog\/wp-json\/wp\/v2\/types\/post"}],"author":[{"embeddable":true,"href":"https:\/\/www.mautervillas.es\/blog\/wp-json\/wp\/v2\/users\/2"}],"replies":[{"embeddable":true,"href":"https:\/\/www.mautervillas.es\/blog\/wp-json\/wp\/v2\/comments?post=1632"}],"version-history":[{"count":2,"href":"https:\/\/www.mautervillas.es\/blog\/wp-json\/wp\/v2\/posts\/1632\/revisions"}],"predecessor-version":[{"id":1655,"href":"https:\/\/www.mautervillas.es\/blog\/wp-json\/wp\/v2\/posts\/1632\/revisions\/1655"}],"wp:featuredmedia":[{"embeddable":true,"href":"https:\/\/www.mautervillas.es\/blog\/wp-json\/wp\/v2\/media\/1634"}],"wp:attachment":[{"href":"https:\/\/www.mautervillas.es\/blog\/wp-json\/wp\/v2\/media?parent=1632"}],"wp:term":[{"taxonomy":"category","embeddable":true,"href":"https:\/\/www.mautervillas.es\/blog\/wp-json\/wp\/v2\/categories?post=1632"},{"taxonomy":"post_tag","embeddable":true,"href":"https:\/\/www.mautervillas.es\/blog\/wp-json\/wp\/v2\/tags?post=1632"}],"curies":[{"name":"wp","href":"https:\/\/api.w.org\/{rel}","templated":true}]}}