{"id":1577,"date":"2026-05-16T16:39:24","date_gmt":"2026-05-16T14:39:24","guid":{"rendered":"https:\/\/www.mautervillas.es\/blog\/?p=1577"},"modified":"2026-05-16T16:39:27","modified_gmt":"2026-05-16T14:39:27","slug":"reservar-villa-menorca-con-tiempo","status":"publish","type":"post","link":"https:\/\/www.mautervillas.es\/blog\/reservar-villa-menorca-con-tiempo\/","title":{"rendered":"Ventajas al reservar tu villa en Menorca con tiempo para julio y agosto"},"content":{"rendered":"\n<p class=\"wp-block-paragraph\">Menorca en julio y agosto es una isla diferente.&nbsp;<\/p>\n\n\n\n<p class=\"wp-block-paragraph\">No diferente en el mal sentido, sino diferente porque funciona a otro nivel de demanda, de precios y de disponibilidad.&nbsp;<\/p>\n\n\n\n<p class=\"wp-block-paragraph\">El viajero que llega a Menorca en plena temporada alta y espera encontrar opciones de \u00faltima hora para alojarse bien est\u00e1 cometiendo el error m\u00e1s habitual del verano: confundir Menorca con un destino que sobra alojamiento.&nbsp;<\/p>\n\n\n\n<p class=\"wp-block-paragraph\">No es as\u00ed.&nbsp;<\/p>\n\n\n\n<p class=\"wp-block-paragraph\">Las villas buenas, las que tienen piscina privada, jard\u00edn, ubicaci\u00f3n decente y espacio real para disfrutar, se reservan con meses de antelaci\u00f3n.&nbsp;<\/p>\n\n\n\n<p class=\"wp-block-paragraph\">Y no es una frase hecha, es la realidad que reflejan los calendarios de disponibilidad cada a\u00f1o.&nbsp;<\/p>\n\n\n\n<p class=\"wp-block-paragraph\">Esta gu\u00eda te explica por qu\u00e9 reservar con tiempo en Menorca no es solo una buena idea, sino probablemente la decisi\u00f3n m\u00e1s importante de tu planificaci\u00f3n vacacional.<\/p>\n\n\n\n<div style=\"height:55px\" aria-hidden=\"true\" class=\"wp-block-spacer\"><\/div>\n\n\n\n<h2 class=\"wp-block-heading\">La disponibilidad real en julio y agosto: los mejores se van primero<\/h2>\n\n\n\n<figure class=\"wp-block-image size-large\"><img loading=\"lazy\" decoding=\"async\" width=\"1400\" height=\"630\" src=\"https:\/\/www.mautervillas.es\/blog\/wp-content\/uploads\/2026\/05\/la-villa-que-quieres-menorca-1400x630.webp\" alt=\"\" class=\"wp-image-1584\"\/><\/figure>\n\n\n\n<p class=\"wp-block-paragraph\">El mercado de alquiler vacacional en Menorca tiene una caracter\u00edstica que quien lo conoce sabe de sobra: la oferta de calidad es limitada y la demanda es desproporcionada en los meses de verano.<\/p>\n\n\n\n<p class=\"wp-block-paragraph\">&nbsp;Las villas con licencia tur\u00edstica en la isla son un n\u00famero finito, y dentro de ese n\u00famero, las que re\u00fanen las condiciones que busca el viajero exigente (piscina privada, privacidad, exterior amplio, buena ubicaci\u00f3n respecto a calas o pueblos) son a\u00fan menos.<\/p>\n\n\n\n<p class=\"wp-block-paragraph\">Lo que ocurre en la pr\u00e1ctica es que los mejores alojamientos, los que generan m\u00e1s inter\u00e9s, se reservan entre enero y marzo para julio y agosto. No en abril, no en mayo. En cuanto abren el calendario para la temporada siguiente, hay clientes habituales que repiten y clientes nuevos que han aprendido la lecci\u00f3n el a\u00f1o anterior.&nbsp;<\/p>\n\n\n\n<p class=\"wp-block-paragraph\">El resultado es que quien busca villa en Menorca para julio o agosto a partir de mayo o junio se encuentra con un cat\u00e1logo reducido, donde las opciones disponibles son en su mayor\u00eda las que otros ya descartaron.<\/p>\n\n\n\n<p class=\"wp-block-paragraph\">Si est\u00e1s planificando unas vacaciones en Menorca para el verano, el momento de reservar no es cuando tengas todo claro al cien por cien. Es cuanto antes, con la mayor anticipaci\u00f3n que puedas.&nbsp;<\/p>\n\n\n\n<p class=\"wp-block-paragraph\">Perder una villa buena por esperar unas semanas m\u00e1s a \u00abconfirmar las fechas\u00bb es una situaci\u00f3n que se repite cada a\u00f1o con viajeros que, en retrospectiva, siempre dicen lo mismo: deb\u00ed haberlo hecho antes.<\/p>\n\n\n\n<div style=\"height:55px\" aria-hidden=\"true\" class=\"wp-block-spacer\"><\/div>\n\n\n\n<h2 class=\"wp-block-heading\">El precio como argumento: reservar pronto tiene recompensa econ\u00f3mica<\/h2>\n\n\n\n<p class=\"wp-block-paragraph\">En Menorca, los precios de alquiler en temporada alta son los m\u00e1s altos del a\u00f1o, no hay vuelta de hoja.&nbsp;<\/p>\n\n\n\n<p class=\"wp-block-paragraph\">Una villa de calidad en julio o agosto tiene tarifas que reflejan esa realidad.&nbsp;<\/p>\n\n\n\n<p class=\"wp-block-paragraph\">Pero dentro de esos precios, la anticipaci\u00f3n tiene su l\u00f3gica: muchas villas aplican precios m\u00e1s ajustados para reservas que se formalizan con meses de antelaci\u00f3n, especialmente si se reserva fuera de la temporada alta anterior.<\/p>\n\n\n\n<p class=\"wp-block-paragraph\">El otro factor econ\u00f3mico que se descuida con frecuencia es el de los vuelos. Los vuelos a Menorca en julio, y especialmente en agosto, suben de precio de manera notable a medida que se acerca la fecha. Reservar el alojamiento primero (que es lo que determina tus fechas exactas de viaje) te permite reservar tambi\u00e9n los vuelos con antelaci\u00f3n suficiente para encontrar tarifas m\u00e1s competitivas.&nbsp;<\/p>\n\n\n\n<p class=\"wp-block-paragraph\">Quien deja ambas cosas para el \u00faltimo momento suele pagar m\u00e1s por todo y tiene menos opciones en los dos frentes.<\/p>\n\n\n\n<p class=\"wp-block-paragraph\">La ecuaci\u00f3n es bastante directa: anticipaci\u00f3n igual a m\u00e1s disponibilidad, m\u00e1s opciones reales y, en muchos casos, mejores condiciones econ\u00f3micas tanto en la villa como en el transporte. No es un argumento comercial, es la estructura de precios del mercado en temporada alta.<\/p>\n\n\n\n<div style=\"height:55px\" aria-hidden=\"true\" class=\"wp-block-spacer\"><\/div>\n\n\n\n<h2 class=\"wp-block-heading\">La villa que quieres, no la que quede<\/h2>\n\n\n\n<p class=\"wp-block-paragraph\">Hay una diferencia enorme entre elegir una villa porque encaja con lo que buscas y reservar la que quedaba disponible porque ya no hab\u00eda m\u00e1s.&nbsp;<\/p>\n\n\n\n<p class=\"wp-block-paragraph\">En el primer caso, t\u00fa decides: n\u00famero de habitaciones, zona de la isla, tipo de piscina, distancia a la cala m\u00e1s cercana, si tiene jard\u00edn con sombra, si admite mascotas. En el segundo caso, negocias con lo que hay.<\/p>\n\n\n\n<p class=\"wp-block-paragraph\">Menorca tiene zonas muy distintas entre s\u00ed.&nbsp;<\/p>\n\n\n\n<p class=\"wp-block-paragraph\">El norte, con Fornells y sus calas de acceso m\u00e1s tranquilo, tiene un perfil diferente al sur de Son Bou o al entorno de Ciudadela con sus playas de arena fina. La zona de Binibeca o Sant Llu\u00eds, en el sureste, combina arquitectura blanca tradicional con calas a pocos minutos. Cada zona tiene sus ventajas y sus tiempos de desplazamiento hacia los principales puntos de inter\u00e9s. Elegir bien la ubicaci\u00f3n de tu villa es casi tan importante como elegir la villa misma, y esa elecci\u00f3n solo es posible cuando hay cat\u00e1logo disponible.<\/p>\n\n\n\n<p class=\"wp-block-paragraph\">Reservar con tiempo te devuelve el control sobre tu viaje. Puedes comparar opciones con calma, hacer preguntas al gestor, pedir informaci\u00f3n sobre accesos, sobre el barrio, sobre los servicios m\u00e1s cercanos.&nbsp;<\/p>\n\n\n\n<p class=\"wp-block-paragraph\">Cuando reservas con la temporada ya encima, el margen de maniobra desaparece y las decisiones se toman con urgencia, que es la peor condici\u00f3n para elegir bien.<\/p>\n\n\n\n<div style=\"height:55px\" aria-hidden=\"true\" class=\"wp-block-spacer\"><\/div>\n\n\n\n<h2 class=\"wp-block-heading\">La planificaci\u00f3n del resto del viaje depende del alojamiento<\/h2>\n\n\n\n<figure class=\"wp-block-image size-large\"><img loading=\"lazy\" decoding=\"async\" width=\"1400\" height=\"630\" src=\"https:\/\/www.mautervillas.es\/blog\/wp-content\/uploads\/2026\/05\/planifica-tu-viaje-a-menorca-con-tiempo-1400x630.webp\" alt=\"\" class=\"wp-image-1581\"\/><\/figure>\n\n\n\n<p class=\"wp-block-paragraph\">Uno de los efectos m\u00e1s pr\u00e1cticos de tener la villa reservada con anticipaci\u00f3n es que te permite planificar todo lo dem\u00e1s con criterio.&nbsp;<\/p>\n\n\n\n<p class=\"wp-block-paragraph\">Los barcos para excursiones por calas en temporada alta en Menorca se reservan con d\u00edas de antelaci\u00f3n. Los restaurantes m\u00e1s buscados de Ciudadela, Mah\u00f3n o Fornells (la caldereta de langosta en Fornells en agosto sin reserva es pr\u00e1cticamente imposible) necesitan tambi\u00e9n previsi\u00f3n.&nbsp;<\/p>\n\n\n\n<p class=\"wp-block-paragraph\">Los coches de alquiler para moverse por la isla suben de precio y bajan de disponibilidad cuanto m\u00e1s tarde se reserven.<\/p>\n\n\n\n<p class=\"wp-block-paragraph\">Saber desde d\u00f3nde sales cada ma\u00f1ana, en qu\u00e9 zona est\u00e1s y cu\u00e1ntos d\u00edas vas a estar es la base para organizar todo lo dem\u00e1s. Con la villa confirmada meses antes, puedes distribuir los d\u00edas por zonas, calcular qu\u00e9 calas visitar seg\u00fan la proximidad, planificar excursiones en barco o rutas por el Cam\u00ed de Cavalls, y reservar los restaurantes que merecen la pena con el tiempo suficiente.&nbsp;<\/p>\n\n\n\n<p class=\"wp-block-paragraph\">Menorca se disfruta much\u00edsimo m\u00e1s cuando el viaje est\u00e1 pensado con cabeza.<\/p>\n\n\n\n<p class=\"wp-block-paragraph\">El coche de alquiler es otro punto que se agradece gestionar con anticipaci\u00f3n. Menorca es una isla peque\u00f1a (se cruza de este a oeste en menos de 60 minutos por la carretera principal), pero para acceder a las calas m\u00e1s apartadas o para moverte con libertad sin depender de horarios de autob\u00fas necesitas veh\u00edculo propio.&nbsp;<\/p>\n\n\n\n<p class=\"wp-block-paragraph\">Las empresas de alquiler en el aeropuerto de Mah\u00f3n en agosto trabajan al l\u00edmite de su flota, y quien no reserva con antelaci\u00f3n puede quedarse sin opciones o pagar un precio desproporcionado.<\/p>\n\n\n\n<div style=\"height:55px\" aria-hidden=\"true\" class=\"wp-block-spacer\"><\/div>\n\n\n\n<h2 class=\"wp-block-heading\">Menorca en julio vs agosto: cu\u00e1ndo reservar cada mes<\/h2>\n\n\n\n<p class=\"wp-block-paragraph\">Julio y agosto tienen perfiles distintos en Menorca, y vale la pena entender la diferencia para afinar la reserva.&nbsp;<\/p>\n\n\n\n<p class=\"wp-block-paragraph\">Julio es el mes con menos precipitaciones de todo el a\u00f1o, con temperaturas algo m\u00e1s moderadas que agosto y con una afluencia alta pero todav\u00eda manejable. Los restaurantes en julio tienen m\u00e1s disponibilidad de mesa sin reserva previa, las calas m\u00e1s populares tienen algo menos de afluencia y el coste de los vuelos es generalmente inferior al de agosto.<\/p>\n\n\n\n<p class=\"wp-block-paragraph\">Agosto es el mes de m\u00e1xima demanda en todos los sentidos. La isla est\u00e1 llena, los precios de villas y vuelos est\u00e1n en su punto m\u00e1s alto, y los servicios m\u00e1s buscados (restaurantes, barcos, actividades) se agotan antes. Para agosto, la anticipaci\u00f3n en la reserva de la villa debe ser a\u00fan mayor que para julio: lo que en julio puede reservarse en marzo o abril, en agosto conviene cerrarlo en enero o febrero si el cat\u00e1logo ya est\u00e1 abierto.<\/p>\n\n\n\n<p class=\"wp-block-paragraph\">Las fiestas patronales de los pueblos de la isla se celebran entre junio y septiembre, y los fines de semana de agosto concentran algunas de las m\u00e1s populares.&nbsp;<\/p>\n\n\n\n<p class=\"wp-block-paragraph\">Son parte de la experiencia menorquina, pero tambi\u00e9n multiplican la afluencia en determinadas zonas durante esos d\u00edas. Saberlo con antelaci\u00f3n te permite decidir si quieres estar cerca o un poco alejado de la fiesta seg\u00fan el perfil de tu grupo.<\/p>\n\n\n\n<div style=\"height:55px\" aria-hidden=\"true\" class=\"wp-block-spacer\"><\/div>\n\n\n\n<h2 class=\"wp-block-heading\">Por qu\u00e9 una villa y no un hotel en Menorca<\/h2>\n\n\n\n<p class=\"wp-block-paragraph\"><\/p>\n\n\n\n<p class=\"wp-block-paragraph\">La decisi\u00f3n entre villa y hotel en Menorca tiene una respuesta bastante clara para quienes viajan en familia, en pareja con espacio propio o con amigos. Una villa con piscina privada en Menorca te da lo que un hotel no puede darte: libertad de horarios, espacio exterior para uso exclusivo, cocina equipada para preparar lo que quieras, y esa sensaci\u00f3n de tener una casa propia en la isla.<\/p>\n\n\n\n<p class=\"wp-block-paragraph\">En Menorca, el placer de llegar de la cala y tirarte a tu piscina sin compartirla con otros hu\u00e9spedes, de desayunar en tu jard\u00edn a la hora que te d\u00e9 la gana o de preparar una cena con producto fresco comprado en el mercado de Ciudadela o de Mah\u00f3n, vale mucho m\u00e1s que cualquier servicio de buffet libre.&nbsp;<\/p>\n\n\n\n<p class=\"wp-block-paragraph\">La villa es el formato que mejor encaja con la manera de vivir Menorca: con calma, sin horarios, con espacio y con privacidad real.<\/p>\n\n\n\n<div style=\"height:55px\" aria-hidden=\"true\" class=\"wp-block-spacer\"><\/div>\n\n\n\n<h2 class=\"wp-block-heading\">Reserva con tiempo y elige bien tu villa en Menorca&nbsp;<\/h2>\n\n\n\n<p class=\"wp-block-paragraph\">Si hay una conclusi\u00f3n que se repite en cualquier conversaci\u00f3n con alguien que conoce bien el mercado vacacional de Menorca en temporada alta, es esta: quien reserva con tiempo llega a la isla habiendo elegido, quien espera llega conform\u00e1ndose.<\/p>\n\n\n\n<p class=\"wp-block-paragraph\">En Mauter Villas gestionamos villas en Menorca pensadas para quienes quieren alojarse bien y disfrutar de la isla sin renunciar a nada.&nbsp;<\/p>\n\n\n\n<p class=\"wp-block-paragraph\">Si ya tienes en mente julio o agosto, no lo dejes para m\u00e1s adelante. <a href=\"https:\/\/www.mautervillas.es\/contacto\/\">Escr\u00edbenos<\/a> y te ayudamos a encontrar la villa que mejor encaja con tu grupo, tus fechas y tus preferencias.<\/p>\n\n\n\n<p class=\"wp-block-paragraph\">\u00a1Te esperamos!<\/p>\n\n\n\n<div style=\"height:55px\" aria-hidden=\"true\" class=\"wp-block-spacer\"><\/div>\n","protected":false},"excerpt":{"rendered":"<p>Menorca en julio y agosto es una isla diferente.&nbsp; No diferente en el mal sentido, sino diferente porque funciona a&#8230;<\/p>\n","protected":false},"author":2,"featured_media":1578,"comment_status":"open","ping_status":"closed","sticky":false,"template":"","format":"standard","meta":{"footnotes":""},"categories":[10],"tags":[],"class_list":["post-1577","post","type-post","status-publish","format-standard","has-post-thumbnail","hentry","category-viaje-a-menorca"],"yoast_head":"<!-- This site is optimized with the Yoast SEO plugin v20.6 - https:\/\/yoast.com\/wordpress\/plugins\/seo\/ -->\n<title>Ventajas de reservar tu villa en Menorca con tiempo - Mauter Villas<\/title>\n<meta name=\"description\" content=\"Descubre por qu\u00e9 reservar tu villa en Menorca con antelaci\u00f3n para julio y agosto te garantiza mejores precios, m\u00e1s opciones y mejores ubicaciones.\" \/>\n<meta name=\"robots\" content=\"index, follow, max-snippet:-1, max-image-preview:large, max-video-preview:-1\" \/>\n<link rel=\"canonical\" href=\"https:\/\/www.mautervillas.es\/blog\/reservar-villa-menorca-con-tiempo\/\" \/>\n<meta property=\"og:locale\" content=\"es_ES\" \/>\n<meta property=\"og:type\" content=\"article\" \/>\n<meta property=\"og:title\" content=\"Ventajas de reservar tu villa en Menorca con tiempo - Mauter Villas\" \/>\n<meta property=\"og:description\" content=\"Descubre por qu\u00e9 reservar tu villa en Menorca con antelaci\u00f3n para julio y agosto te garantiza mejores precios, m\u00e1s opciones y mejores ubicaciones.\" \/>\n<meta property=\"og:url\" content=\"https:\/\/www.mautervillas.es\/blog\/reservar-villa-menorca-con-tiempo\/\" \/>\n<meta property=\"og:site_name\" content=\"Mauter Villas\" \/>\n<meta property=\"article:published_time\" content=\"2026-05-16T14:39:24+00:00\" \/>\n<meta property=\"article:modified_time\" content=\"2026-05-16T14:39:27+00:00\" \/>\n<meta property=\"og:image\" content=\"https:\/\/www.mautervillas.es\/blog\/wp-content\/uploads\/2026\/05\/como-reservar-villa-en-menorca.webp\" \/>\n\t<meta property=\"og:image:width\" content=\"1400\" \/>\n\t<meta property=\"og:image:height\" content=\"788\" \/>\n\t<meta property=\"og:image:type\" content=\"image\/webp\" \/>\n<meta name=\"author\" content=\"mautervillas\" \/>\n<meta name=\"twitter:card\" content=\"summary_large_image\" \/>\n<meta name=\"twitter:label1\" content=\"Escrito por\" \/>\n\t<meta name=\"twitter:data1\" content=\"mautervillas\" \/>\n\t<meta name=\"twitter:label2\" content=\"Tiempo de lectura\" \/>\n\t<meta name=\"twitter:data2\" content=\"8 minutos\" \/>\n<script type=\"application\/ld+json\" class=\"yoast-schema-graph\">{\"@context\":\"https:\/\/schema.org\",\"@graph\":[{\"@type\":\"WebPage\",\"@id\":\"https:\/\/www.mautervillas.es\/blog\/reservar-villa-menorca-con-tiempo\/\",\"url\":\"https:\/\/www.mautervillas.es\/blog\/reservar-villa-menorca-con-tiempo\/\",\"name\":\"Ventajas de reservar tu villa en Menorca con tiempo - Mauter Villas\",\"isPartOf\":{\"@id\":\"https:\/\/www.mautervillas.es\/blog\/#website\"},\"datePublished\":\"2026-05-16T14:39:24+00:00\",\"dateModified\":\"2026-05-16T14:39:27+00:00\",\"author\":{\"@id\":\"https:\/\/www.mautervillas.es\/blog\/#\/schema\/person\/54cf2feb092752231f0ca767e13effee\"},\"description\":\"Descubre por qu\u00e9 reservar tu villa en Menorca con antelaci\u00f3n para julio y agosto te garantiza mejores precios, m\u00e1s opciones y mejores ubicaciones.\",\"breadcrumb\":{\"@id\":\"https:\/\/www.mautervillas.es\/blog\/reservar-villa-menorca-con-tiempo\/#breadcrumb\"},\"inLanguage\":\"es\",\"potentialAction\":[{\"@type\":\"ReadAction\",\"target\":[\"https:\/\/www.mautervillas.es\/blog\/reservar-villa-menorca-con-tiempo\/\"]}]},{\"@type\":\"BreadcrumbList\",\"@id\":\"https:\/\/www.mautervillas.es\/blog\/reservar-villa-menorca-con-tiempo\/#breadcrumb\",\"itemListElement\":[{\"@type\":\"ListItem\",\"position\":1,\"name\":\"Portada\",\"item\":\"https:\/\/www.mautervillas.es\/blog\/\"},{\"@type\":\"ListItem\",\"position\":2,\"name\":\"Ventajas al reservar tu villa en Menorca con tiempo para julio y agosto\"}]},{\"@type\":\"WebSite\",\"@id\":\"https:\/\/www.mautervillas.es\/blog\/#website\",\"url\":\"https:\/\/www.mautervillas.es\/blog\/\",\"name\":\"Mauter Villas\",\"description\":\"Mautervillas\",\"potentialAction\":[{\"@type\":\"SearchAction\",\"target\":{\"@type\":\"EntryPoint\",\"urlTemplate\":\"https:\/\/www.mautervillas.es\/blog\/?s={search_term_string}\"},\"query-input\":\"required name=search_term_string\"}],\"inLanguage\":\"es\"},{\"@type\":\"Person\",\"@id\":\"https:\/\/www.mautervillas.es\/blog\/#\/schema\/person\/54cf2feb092752231f0ca767e13effee\",\"name\":\"mautervillas\",\"image\":{\"@type\":\"ImageObject\",\"inLanguage\":\"es\",\"@id\":\"https:\/\/www.mautervillas.es\/blog\/#\/schema\/person\/image\/\",\"url\":\"https:\/\/secure.gravatar.com\/avatar\/b4995f53b9941a4c2f7ad71dd46886c21ceca85a6a231dad5441008abeed428c?s=96&d=mm&r=g\",\"contentUrl\":\"https:\/\/secure.gravatar.com\/avatar\/b4995f53b9941a4c2f7ad71dd46886c21ceca85a6a231dad5441008abeed428c?s=96&d=mm&r=g\",\"caption\":\"mautervillas\"},\"url\":\"https:\/\/www.mautervillas.es\/blog\/author\/mautervillas\/\"}]}<\/script>\n<!-- \/ Yoast SEO plugin. -->","yoast_head_json":{"title":"Ventajas de reservar tu villa en Menorca con tiempo - Mauter Villas","description":"Descubre por qu\u00e9 reservar tu villa en Menorca con antelaci\u00f3n para julio y agosto te garantiza mejores precios, m\u00e1s opciones y mejores ubicaciones.","robots":{"index":"index","follow":"follow","max-snippet":"max-snippet:-1","max-image-preview":"max-image-preview:large","max-video-preview":"max-video-preview:-1"},"canonical":"https:\/\/www.mautervillas.es\/blog\/reservar-villa-menorca-con-tiempo\/","og_locale":"es_ES","og_type":"article","og_title":"Ventajas de reservar tu villa en Menorca con tiempo - Mauter Villas","og_description":"Descubre por qu\u00e9 reservar tu villa en Menorca con antelaci\u00f3n para julio y agosto te garantiza mejores precios, m\u00e1s opciones y mejores ubicaciones.","og_url":"https:\/\/www.mautervillas.es\/blog\/reservar-villa-menorca-con-tiempo\/","og_site_name":"Mauter Villas","article_published_time":"2026-05-16T14:39:24+00:00","article_modified_time":"2026-05-16T14:39:27+00:00","og_image":[{"width":1400,"height":788,"url":"https:\/\/www.mautervillas.es\/blog\/wp-content\/uploads\/2026\/05\/como-reservar-villa-en-menorca.webp","type":"image\/webp"}],"author":"mautervillas","twitter_card":"summary_large_image","twitter_misc":{"Escrito por":"mautervillas","Tiempo de lectura":"8 minutos"},"schema":{"@context":"https:\/\/schema.org","@graph":[{"@type":"WebPage","@id":"https:\/\/www.mautervillas.es\/blog\/reservar-villa-menorca-con-tiempo\/","url":"https:\/\/www.mautervillas.es\/blog\/reservar-villa-menorca-con-tiempo\/","name":"Ventajas de reservar tu villa en Menorca con tiempo - Mauter Villas","isPartOf":{"@id":"https:\/\/www.mautervillas.es\/blog\/#website"},"datePublished":"2026-05-16T14:39:24+00:00","dateModified":"2026-05-16T14:39:27+00:00","author":{"@id":"https:\/\/www.mautervillas.es\/blog\/#\/schema\/person\/54cf2feb092752231f0ca767e13effee"},"description":"Descubre por qu\u00e9 reservar tu villa en Menorca con antelaci\u00f3n para julio y agosto te garantiza mejores precios, m\u00e1s opciones y mejores ubicaciones.","breadcrumb":{"@id":"https:\/\/www.mautervillas.es\/blog\/reservar-villa-menorca-con-tiempo\/#breadcrumb"},"inLanguage":"es","potentialAction":[{"@type":"ReadAction","target":["https:\/\/www.mautervillas.es\/blog\/reservar-villa-menorca-con-tiempo\/"]}]},{"@type":"BreadcrumbList","@id":"https:\/\/www.mautervillas.es\/blog\/reservar-villa-menorca-con-tiempo\/#breadcrumb","itemListElement":[{"@type":"ListItem","position":1,"name":"Portada","item":"https:\/\/www.mautervillas.es\/blog\/"},{"@type":"ListItem","position":2,"name":"Ventajas al reservar tu villa en Menorca con tiempo para julio y agosto"}]},{"@type":"WebSite","@id":"https:\/\/www.mautervillas.es\/blog\/#website","url":"https:\/\/www.mautervillas.es\/blog\/","name":"Mauter Villas","description":"Mautervillas","potentialAction":[{"@type":"SearchAction","target":{"@type":"EntryPoint","urlTemplate":"https:\/\/www.mautervillas.es\/blog\/?s={search_term_string}"},"query-input":"required name=search_term_string"}],"inLanguage":"es"},{"@type":"Person","@id":"https:\/\/www.mautervillas.es\/blog\/#\/schema\/person\/54cf2feb092752231f0ca767e13effee","name":"mautervillas","image":{"@type":"ImageObject","inLanguage":"es","@id":"https:\/\/www.mautervillas.es\/blog\/#\/schema\/person\/image\/","url":"https:\/\/secure.gravatar.com\/avatar\/b4995f53b9941a4c2f7ad71dd46886c21ceca85a6a231dad5441008abeed428c?s=96&d=mm&r=g","contentUrl":"https:\/\/secure.gravatar.com\/avatar\/b4995f53b9941a4c2f7ad71dd46886c21ceca85a6a231dad5441008abeed428c?s=96&d=mm&r=g","caption":"mautervillas"},"url":"https:\/\/www.mautervillas.es\/blog\/author\/mautervillas\/"}]}},"amp_enabled":true,"_links":{"self":[{"href":"https:\/\/www.mautervillas.es\/blog\/wp-json\/wp\/v2\/posts\/1577","targetHints":{"allow":["GET"]}}],"collection":[{"href":"https:\/\/www.mautervillas.es\/blog\/wp-json\/wp\/v2\/posts"}],"about":[{"href":"https:\/\/www.mautervillas.es\/blog\/wp-json\/wp\/v2\/types\/post"}],"author":[{"embeddable":true,"href":"https:\/\/www.mautervillas.es\/blog\/wp-json\/wp\/v2\/users\/2"}],"replies":[{"embeddable":true,"href":"https:\/\/www.mautervillas.es\/blog\/wp-json\/wp\/v2\/comments?post=1577"}],"version-history":[{"count":1,"href":"https:\/\/www.mautervillas.es\/blog\/wp-json\/wp\/v2\/posts\/1577\/revisions"}],"predecessor-version":[{"id":1587,"href":"https:\/\/www.mautervillas.es\/blog\/wp-json\/wp\/v2\/posts\/1577\/revisions\/1587"}],"wp:featuredmedia":[{"embeddable":true,"href":"https:\/\/www.mautervillas.es\/blog\/wp-json\/wp\/v2\/media\/1578"}],"wp:attachment":[{"href":"https:\/\/www.mautervillas.es\/blog\/wp-json\/wp\/v2\/media?parent=1577"}],"wp:term":[{"taxonomy":"category","embeddable":true,"href":"https:\/\/www.mautervillas.es\/blog\/wp-json\/wp\/v2\/categories?post=1577"},{"taxonomy":"post_tag","embeddable":true,"href":"https:\/\/www.mautervillas.es\/blog\/wp-json\/wp\/v2\/tags?post=1577"}],"curies":[{"name":"wp","href":"https:\/\/api.w.org\/{rel}","templated":true}]}}