{"id":1373,"date":"2025-08-19T14:48:41","date_gmt":"2025-08-19T12:48:41","guid":{"rendered":"https:\/\/www.mautervillas.es\/blog\/?p=1373"},"modified":"2025-08-19T14:48:42","modified_gmt":"2025-08-19T12:48:42","slug":"menorca-en-grupo-ideas-y-alojamiento","status":"publish","type":"post","link":"https:\/\/www.mautervillas.es\/blog\/menorca-en-grupo-ideas-y-alojamiento\/","title":{"rendered":"Ideas para visitar Menorca en grupo"},"content":{"rendered":"\n<p class=\"wp-block-paragraph\">\u00bfPlaneando una escapada con amigos o una semana con la familia en Menorca?&nbsp;<\/p>\n\n\n\n<p class=\"wp-block-paragraph\">Esta isla balear es perfecta para vivirla en grupo, con planes que van desde rutas en kayak hasta cenas bajo las estrellas.&nbsp;<\/p>\n\n\n\n<p class=\"wp-block-paragraph\">Aqu\u00ed va una gu\u00eda con ideas pensadas para que lo pas\u00e9is en grande, sin complicaciones ni decisiones de \u00faltima hora.&nbsp;<\/p>\n\n\n\n<p class=\"wp-block-paragraph\">Todo con ese toque especial que convierte un viaje en una experiencia para recordar.<\/p>\n\n\n\n<div style=\"height:80px\" aria-hidden=\"true\" class=\"wp-block-spacer\"><\/div>\n\n\n\n<h2 class=\"wp-block-heading\">1. Alquilar una villa para toda la semana: el cuartel general perfecto<\/h2>\n\n\n\n<figure class=\"wp-block-image size-large\"><img loading=\"lazy\" decoding=\"async\" width=\"1400\" height=\"630\" src=\"https:\/\/www.mautervillas.es\/blog\/wp-content\/uploads\/2025\/08\/alquilar-villa-en-menorca-1400x630.webp\" alt=\"\" class=\"wp-image-1374\"\/><\/figure>\n\n\n\n<p class=\"wp-block-paragraph\">Si viaj\u00e1is en grupo, lo m\u00e1s c\u00f3modo, y a veces incluso lo m\u00e1s econ\u00f3mico, es alquilar una casa grande donde pod\u00e1is estar todos juntos.&nbsp;<\/p>\n\n\n\n<p class=\"wp-block-paragraph\">Nada de habitaciones repartidas en hoteles distintos ni tener que quedar por WhatsApp para cada comida.&nbsp;<\/p>\n\n\n\n<p class=\"wp-block-paragraph\">Una villa se convierte en el punto de partida (y de reencuentro) ideal para todo el grupo.<\/p>\n\n\n\n<p class=\"wp-block-paragraph\">Estar en una misma casa tambi\u00e9n hace que el ritmo del viaje lo marqu\u00e9is vosotros. Desayunar juntos en la terraza, organizar cenas improvisadas o relajaros en la piscina sin horarios de check-in.&nbsp;<\/p>\n\n\n\n<p class=\"wp-block-paragraph\">La zona de Ciutadella es una de las favoritas para este tipo de alojamiento porque est\u00e1 cerca de muchas playas, tiene buen ambiente para salir a cenar y da pie a excursiones cortas.&nbsp;<\/p>\n\n\n\n<p class=\"wp-block-paragraph\">En cambio, si prefer\u00eds estar m\u00e1s cerca de Mah\u00f3n, tambi\u00e9n hay villas estupendas cerca del puerto, donde pod\u00e9is hacer planes n\u00e1uticos y visitar mercadillos.<\/p>\n\n\n\n<div style=\"height:80px\" aria-hidden=\"true\" class=\"wp-block-spacer\"><\/div>\n\n\n\n<h2 class=\"wp-block-heading\">2. Ruta en coche: cada d\u00eda un rinc\u00f3n diferente<\/h2>\n\n\n\n<figure class=\"wp-block-image size-large\"><img loading=\"lazy\" decoding=\"async\" width=\"1400\" height=\"630\" src=\"https:\/\/www.mautervillas.es\/blog\/wp-content\/uploads\/2025\/08\/ruta-coche-en-menorca-1400x630.webp\" alt=\"\" class=\"wp-image-1377\"\/><\/figure>\n\n\n\n<p class=\"wp-block-paragraph\">Moverse en coche por Menorca es un acierto.&nbsp;<\/p>\n\n\n\n<p class=\"wp-block-paragraph\">Las distancias son cortas, las carreteras son tranquilas y os da la libertad de descubrir playas, pueblos y calas sin depender de horarios.&nbsp;<\/p>\n\n\n\n<p class=\"wp-block-paragraph\">Para un grupo, alquilar dos coches medianos o una furgoneta grande puede ser la forma m\u00e1s pr\u00e1ctica de moverse.<\/p>\n\n\n\n<p class=\"wp-block-paragraph\">Lo mejor es hacer una especie de calendario flexible. Por ejemplo, un d\u00eda lo pod\u00e9is dedicar a la zona norte (como Cala Pregonda o Binimel\u00b7l\u00e0), otro a la parte sur (como Son Saura o Cala Galdana), y otro a explorar el interior con pueblos como Es Mercadal o Alaior.<\/p>\n\n\n\n<p class=\"wp-block-paragraph\">Tambi\u00e9n se puede combinar lo tur\u00edstico con lo gastron\u00f3mico, parando en alg\u00fan restaurante de camino o haciendo picnic en una cala. Llevar siempre una nevera port\u00e1til con bebidas fr\u00edas y fruta es el t\u00edpico detalle que marca la diferencia.<\/p>\n\n\n\n<div style=\"height:80px\" aria-hidden=\"true\" class=\"wp-block-spacer\"><\/div>\n\n\n\n<h2 class=\"wp-block-heading\">3. D\u00eda de barco: la experiencia estrella para grupos<\/h2>\n\n\n\n<figure class=\"wp-block-image size-large\"><img loading=\"lazy\" decoding=\"async\" width=\"1400\" height=\"630\" src=\"https:\/\/www.mautervillas.es\/blog\/wp-content\/uploads\/2025\/08\/ruta-en-barco-en-menorca-1400x630.webp\" alt=\"\" class=\"wp-image-1380\"\/><\/figure>\n\n\n\n<p class=\"wp-block-paragraph\">Una de las mejores formas de ver Menorca con otros ojos es desde el mar.&nbsp;<\/p>\n\n\n\n<p class=\"wp-block-paragraph\">Alquilar un barco por un d\u00eda completo (con patr\u00f3n o sin \u00e9l, seg\u00fan el grupo) os da la oportunidad de conocer y acceder a calas donde no llegan los coches, hacer snorkel, tomar el sol y, sobre todo, pasar un d\u00eda juntos sin prisas.<\/p>\n\n\n\n<p class=\"wp-block-paragraph\">Hay opciones para todos: desde barcos peque\u00f1os que se pueden llevar con licencia b\u00e1sica hasta catamaranes con comida incluida. Si vais ocho o diez personas, el precio por cabeza suele salir bastante bien, sobre todo si llev\u00e1is algo de comida y bebida a bordo.<\/p>\n\n\n\n<p class=\"wp-block-paragraph\">Las salidas desde Fornells o desde el puerto de Mah\u00f3n son de las m\u00e1s habituales, pero tambi\u00e9n hay rutas m\u00e1s cortas desde Cala Galdana. Depende del plan del grupo: si quer\u00e9is un d\u00eda relajado de ba\u00f1o, o si busc\u00e1is navegar y ver m\u00e1s costa.<\/p>\n\n\n\n<div style=\"height:80px\" aria-hidden=\"true\" class=\"wp-block-spacer\"><\/div>\n\n\n\n<h2 class=\"wp-block-heading\">4. Atardecer en Punta Nati o Cova d\u2019en Xoroi<\/h2>\n\n\n\n<p class=\"wp-block-paragraph\">Un buen viaje tambi\u00e9n se mide por sus finales de d\u00eda.&nbsp;<\/p>\n\n\n\n<p class=\"wp-block-paragraph\">Y en Menorca, los atardeceres no decepcionan.&nbsp;<\/p>\n\n\n\n<p class=\"wp-block-paragraph\">Uno de los mejores planes en grupo es subir al faro de Punta Nati con algo para picar y dejar que baje el sol en silencio o con m\u00fasica suave de fondo. Es gratuito, f\u00e1cil de llegar y tiene un punto casi m\u00e1gico.<\/p>\n\n\n\n<p class=\"wp-block-paragraph\">Si os apetece algo con m\u00e1s ritmo, otro cl\u00e1sico es ir a tomar algo a la Cova d\u2019en Xoroi. Aunque suele estar algo m\u00e1s concurrido, el sitio es \u00fanico: una cueva natural con terrazas colgadas sobre el mar. Eso s\u00ed, conviene reservar entrada si vais en temporada alta o si sois muchos.<\/p>\n\n\n\n<p class=\"wp-block-paragraph\">Estas experiencias funcionan como \u201canclas\u201d del viaje: momentos que se quedan grabados y que dan pie a fotos de grupo o brindis que cierran el d\u00eda por todo lo alto.<\/p>\n\n\n\n<div style=\"height:80px\" aria-hidden=\"true\" class=\"wp-block-spacer\"><\/div>\n\n\n\n<h2 class=\"wp-block-heading\">5. Comida para compartir: mejor en casa (a veces)<\/h2>\n\n\n\n<figure class=\"wp-block-image size-large\"><img loading=\"lazy\" decoding=\"async\" width=\"1400\" height=\"630\" src=\"https:\/\/www.mautervillas.es\/blog\/wp-content\/uploads\/2025\/08\/cena-en-una-villa-en-familia-menorca-1400x630.webp\" alt=\"\" class=\"wp-image-1383\"\/><\/figure>\n\n\n\n<p class=\"wp-block-paragraph\">Salir a comer en grupo puede ser genial\u2026 pero no todos los d\u00edas.&nbsp;<\/p>\n\n\n\n<p class=\"wp-block-paragraph\">A veces apetece parar el ritmo y disfrutar sin reservas ni tiempos de espera.&nbsp;<\/p>\n\n\n\n<p class=\"wp-block-paragraph\">Si est\u00e1is alojados en una villa, es f\u00e1cil organizar una barbacoa, preparar una paella o pedir comida a domicilio. En Menorca hay buenos productos frescos y supermercados bien surtidos.<\/p>\n\n\n\n<p class=\"wp-block-paragraph\">Esto tambi\u00e9n hace que pod\u00e1is adaptar los men\u00fas a gustos y alergias, algo muy \u00fatil cuando hay ni\u00f1os o personas con dietas especiales en el grupo. Y si ten\u00e9is una buena terraza o jard\u00edn, comer ah\u00ed puede ser mejor que cualquier restaurante.<\/p>\n\n\n\n<p class=\"wp-block-paragraph\">Eso s\u00ed, elegid alg\u00fan d\u00eda para salir y probar sitios t\u00edpicos de pescado o tapeo.&nbsp;<\/p>\n\n\n\n<p class=\"wp-block-paragraph\">En zonas como Es Castell, Ciutadella o Fornells hay buenos restaurantes para grupos y es donde se puede cerrar el viaje con una comida m\u00e1s especial.<\/p>\n\n\n\n<div style=\"height:80px\" aria-hidden=\"true\" class=\"wp-block-spacer\"><\/div>\n\n\n\n<h2 class=\"wp-block-heading\">6. Rutas a pie por el Cam\u00ed de Cavalls<\/h2>\n\n\n\n<figure class=\"wp-block-image size-large\"><img loading=\"lazy\" decoding=\"async\" width=\"1400\" height=\"630\" src=\"https:\/\/www.mautervillas.es\/blog\/wp-content\/uploads\/2025\/08\/cami-de-cavalls-menorca-1400x630.webp\" alt=\"\" class=\"wp-image-1386\"\/><\/figure>\n\n\n\n<p class=\"wp-block-paragraph\">Si a alguien del grupo le va el senderismo, el Cam\u00ed de Cavalls es una pasada.&nbsp;<\/p>\n\n\n\n<p class=\"wp-block-paragraph\">Es un camino que recorre toda la isla por la costa, dividido en tramos muy accesibles. No hace falta hacer rutas largas ni complicadas: hay trayectos de 2-3 horas que se pueden hacer en chanclas deportivas.<\/p>\n\n\n\n<p class=\"wp-block-paragraph\">Lo interesante es que muchos de estos tramos conectan calas entre s\u00ed. Por ejemplo, ir desde Cala Galdana hasta Macarella caminando es un paseo precioso que permite llegar a sitios que est\u00e1n algo m\u00e1s escondidos, pero sin necesidad de ir en coche.<\/p>\n\n\n\n<p class=\"wp-block-paragraph\">Es un plan que se adapta bien a grupos porque pod\u00e9is dividiros por niveles o hacer rutas suaves con pausas para ba\u00f1o y fotos.\u00a0<\/p>\n\n\n\n<div style=\"height:80px\" aria-hidden=\"true\" class=\"wp-block-spacer\"><\/div>\n\n\n\n<h2 class=\"wp-block-heading\">7. Visitar mercados y ferias nocturnas<\/h2>\n\n\n\n<p class=\"wp-block-paragraph\">Aunque la playa manda en Menorca, los mercados nocturnos tienen mucho tir\u00f3n.&nbsp;<\/p>\n\n\n\n<p class=\"wp-block-paragraph\">Son una buena excusa para salir despu\u00e9s de cenar, pasear, comprar algo distinto o tomar un helado mientras suena m\u00fasica en directo.<\/p>\n\n\n\n<p class=\"wp-block-paragraph\">En Mah\u00f3n o Ciutadella hay ferias artesanales por la tarde-noche con ropa, joyas, cer\u00e1mica y otros objetos curiosos. Y si vais con peques, hay actividades, malabares, cuentacuentos o zonas donde pueden entretenerse mientras los adultos se relajan.<\/p>\n\n\n\n<p class=\"wp-block-paragraph\">Es un plan tranquilo, sin coche, ideal para cerrar el d\u00eda y donde cada uno puede hacer lo que le apetezca, sin depender tanto del grupo completo. Tambi\u00e9n es donde encontrar\u00e9is souvenirs que no parezcan souvenirs.<\/p>\n\n\n\n<div style=\"height:80px\" aria-hidden=\"true\" class=\"wp-block-spacer\"><\/div>\n\n\n\n<h2 class=\"wp-block-heading\">\u00bfD\u00f3nde alojarse? Comparativa entre zonas<\/h2>\n\n\n\n<ul class=\"wp-block-list\">\n<li><strong>Ciutadella y alrededores<\/strong>: Ideal si quer\u00e9is vida de pueblo, salir por la noche y estar cerca de calas famosas del sur. Hay m\u00e1s ambiente, pero tambi\u00e9n m\u00e1s gente. Buen punto si el grupo quiere combinar relax y movimiento.<br><\/li>\n\n\n\n<li><strong>Mah\u00f3n y la zona este<\/strong>: Mejor conectada con el aeropuerto, m\u00e1s tranquila por la noche, con buen acceso a playas del este y planes de barco. Perfecta para grupos que priorizan la comodidad y los trayectos cortos.<br><\/li>\n\n\n\n<li><strong>Centro de la isla (Es Mercadal, Alaior&#8230;)<\/strong>: Muy \u00fatil si quer\u00e9is moveros en todas direcciones sin hacer demasiados kil\u00f3metros. Aunque no ten\u00e9is playa cerca, est\u00e1is a medio camino de todo. Es una opci\u00f3n pr\u00e1ctica si vais a usar coche a diario.<br><\/li>\n<\/ul>\n\n\n\n<div style=\"height:80px\" aria-hidden=\"true\" class=\"wp-block-spacer\"><\/div>\n\n\n\n<h2 class=\"wp-block-heading\">\u00bfYa lo ten\u00e9is claro? Alquilad con Mauter Villas<\/h2>\n\n\n\n<p class=\"wp-block-paragraph\">Si despu\u00e9s de leer todo esto ya os imagin\u00e1is disfrutando Menorca en grupo, el siguiente paso es encontrar una villa que se adapte a vuestro estilo.&nbsp;<\/p>\n\n\n\n<p class=\"wp-block-paragraph\">En<a href=\"https:\/\/www.mautervillas.es\/contacto\/\"> Mauter Villas<\/a> tenemos los mejores alojamientos bien ubicados, perfectos para grupos grandes, con piscina, terrazas, espacio para todos y sin l\u00edos.&nbsp;<\/p>\n\n\n\n<p class=\"wp-block-paragraph\">No os compliqu\u00e9is con reservas por separado ni alojamientos improvisados. Buscad la villa, elegid las fechas\u2026 \u00a1y a disfrutar Menorca como se merece!<\/p>\n\n\n\n<div style=\"height:80px\" aria-hidden=\"true\" class=\"wp-block-spacer\"><\/div>\n","protected":false},"excerpt":{"rendered":"<p>\u00bfPlaneando una escapada con amigos o una semana con la familia en Menorca?&nbsp; Esta isla balear es perfecta para vivirla&#8230;<\/p>\n","protected":false},"author":2,"featured_media":1386,"comment_status":"open","ping_status":"closed","sticky":false,"template":"","format":"standard","meta":{"footnotes":""},"categories":[27],"tags":[],"class_list":["post-1373","post","type-post","status-publish","format-standard","has-post-thumbnail","hentry","category-planes-en-menorca"],"yoast_head":"<!-- This site is optimized with the Yoast SEO plugin v20.6 - https:\/\/yoast.com\/wordpress\/plugins\/seo\/ -->\n<title>Ideas para visitar Menorca en grupo | Gu\u00eda de planes y alojamiento<\/title>\n<meta name=\"description\" content=\"Descubre los mejores planes para disfrutar Menorca en grupo: villas, rutas, barco, mercados y atardeceres \u00fanicos.\" \/>\n<meta name=\"robots\" content=\"index, follow, max-snippet:-1, max-image-preview:large, max-video-preview:-1\" \/>\n<link rel=\"canonical\" href=\"https:\/\/www.mautervillas.es\/blog\/menorca-en-grupo-ideas-y-alojamiento\/\" \/>\n<meta property=\"og:locale\" content=\"es_ES\" \/>\n<meta property=\"og:type\" content=\"article\" \/>\n<meta property=\"og:title\" content=\"Ideas para visitar Menorca en grupo | Gu\u00eda de planes y alojamiento\" \/>\n<meta property=\"og:description\" content=\"Descubre los mejores planes para disfrutar Menorca en grupo: villas, rutas, barco, mercados y atardeceres \u00fanicos.\" \/>\n<meta property=\"og:url\" content=\"https:\/\/www.mautervillas.es\/blog\/menorca-en-grupo-ideas-y-alojamiento\/\" \/>\n<meta property=\"og:site_name\" content=\"Mauter Villas\" \/>\n<meta property=\"article:published_time\" content=\"2025-08-19T12:48:41+00:00\" \/>\n<meta property=\"article:modified_time\" content=\"2025-08-19T12:48:42+00:00\" \/>\n<meta property=\"og:image\" content=\"https:\/\/www.mautervillas.es\/blog\/wp-content\/uploads\/2025\/08\/cami-de-cavalls-menorca.webp\" \/>\n\t<meta property=\"og:image:width\" content=\"1400\" \/>\n\t<meta property=\"og:image:height\" content=\"788\" \/>\n\t<meta property=\"og:image:type\" content=\"image\/webp\" \/>\n<meta name=\"author\" content=\"mautervillas\" \/>\n<meta name=\"twitter:card\" content=\"summary_large_image\" \/>\n<meta name=\"twitter:label1\" content=\"Escrito por\" \/>\n\t<meta name=\"twitter:data1\" content=\"mautervillas\" \/>\n\t<meta name=\"twitter:label2\" content=\"Tiempo de lectura\" \/>\n\t<meta name=\"twitter:data2\" content=\"7 minutos\" \/>\n<script type=\"application\/ld+json\" class=\"yoast-schema-graph\">{\"@context\":\"https:\/\/schema.org\",\"@graph\":[{\"@type\":\"WebPage\",\"@id\":\"https:\/\/www.mautervillas.es\/blog\/menorca-en-grupo-ideas-y-alojamiento\/\",\"url\":\"https:\/\/www.mautervillas.es\/blog\/menorca-en-grupo-ideas-y-alojamiento\/\",\"name\":\"Ideas para visitar Menorca en grupo | Gu\u00eda de planes y alojamiento\",\"isPartOf\":{\"@id\":\"https:\/\/www.mautervillas.es\/blog\/#website\"},\"datePublished\":\"2025-08-19T12:48:41+00:00\",\"dateModified\":\"2025-08-19T12:48:42+00:00\",\"author\":{\"@id\":\"https:\/\/www.mautervillas.es\/blog\/#\/schema\/person\/54cf2feb092752231f0ca767e13effee\"},\"description\":\"Descubre los mejores planes para disfrutar Menorca en grupo: villas, rutas, barco, mercados y atardeceres \u00fanicos.\",\"breadcrumb\":{\"@id\":\"https:\/\/www.mautervillas.es\/blog\/menorca-en-grupo-ideas-y-alojamiento\/#breadcrumb\"},\"inLanguage\":\"es\",\"potentialAction\":[{\"@type\":\"ReadAction\",\"target\":[\"https:\/\/www.mautervillas.es\/blog\/menorca-en-grupo-ideas-y-alojamiento\/\"]}]},{\"@type\":\"BreadcrumbList\",\"@id\":\"https:\/\/www.mautervillas.es\/blog\/menorca-en-grupo-ideas-y-alojamiento\/#breadcrumb\",\"itemListElement\":[{\"@type\":\"ListItem\",\"position\":1,\"name\":\"Portada\",\"item\":\"https:\/\/www.mautervillas.es\/blog\/\"},{\"@type\":\"ListItem\",\"position\":2,\"name\":\"Ideas para visitar Menorca en grupo\"}]},{\"@type\":\"WebSite\",\"@id\":\"https:\/\/www.mautervillas.es\/blog\/#website\",\"url\":\"https:\/\/www.mautervillas.es\/blog\/\",\"name\":\"Mauter Villas\",\"description\":\"Mautervillas\",\"potentialAction\":[{\"@type\":\"SearchAction\",\"target\":{\"@type\":\"EntryPoint\",\"urlTemplate\":\"https:\/\/www.mautervillas.es\/blog\/?s={search_term_string}\"},\"query-input\":\"required name=search_term_string\"}],\"inLanguage\":\"es\"},{\"@type\":\"Person\",\"@id\":\"https:\/\/www.mautervillas.es\/blog\/#\/schema\/person\/54cf2feb092752231f0ca767e13effee\",\"name\":\"mautervillas\",\"image\":{\"@type\":\"ImageObject\",\"inLanguage\":\"es\",\"@id\":\"https:\/\/www.mautervillas.es\/blog\/#\/schema\/person\/image\/\",\"url\":\"https:\/\/secure.gravatar.com\/avatar\/b4995f53b9941a4c2f7ad71dd46886c21ceca85a6a231dad5441008abeed428c?s=96&d=mm&r=g\",\"contentUrl\":\"https:\/\/secure.gravatar.com\/avatar\/b4995f53b9941a4c2f7ad71dd46886c21ceca85a6a231dad5441008abeed428c?s=96&d=mm&r=g\",\"caption\":\"mautervillas\"},\"url\":\"https:\/\/www.mautervillas.es\/blog\/author\/mautervillas\/\"}]}<\/script>\n<!-- \/ Yoast SEO plugin. -->","yoast_head_json":{"title":"Ideas para visitar Menorca en grupo | Gu\u00eda de planes y alojamiento","description":"Descubre los mejores planes para disfrutar Menorca en grupo: villas, rutas, barco, mercados y atardeceres \u00fanicos.","robots":{"index":"index","follow":"follow","max-snippet":"max-snippet:-1","max-image-preview":"max-image-preview:large","max-video-preview":"max-video-preview:-1"},"canonical":"https:\/\/www.mautervillas.es\/blog\/menorca-en-grupo-ideas-y-alojamiento\/","og_locale":"es_ES","og_type":"article","og_title":"Ideas para visitar Menorca en grupo | Gu\u00eda de planes y alojamiento","og_description":"Descubre los mejores planes para disfrutar Menorca en grupo: villas, rutas, barco, mercados y atardeceres \u00fanicos.","og_url":"https:\/\/www.mautervillas.es\/blog\/menorca-en-grupo-ideas-y-alojamiento\/","og_site_name":"Mauter Villas","article_published_time":"2025-08-19T12:48:41+00:00","article_modified_time":"2025-08-19T12:48:42+00:00","og_image":[{"width":1400,"height":788,"url":"https:\/\/www.mautervillas.es\/blog\/wp-content\/uploads\/2025\/08\/cami-de-cavalls-menorca.webp","type":"image\/webp"}],"author":"mautervillas","twitter_card":"summary_large_image","twitter_misc":{"Escrito por":"mautervillas","Tiempo de lectura":"7 minutos"},"schema":{"@context":"https:\/\/schema.org","@graph":[{"@type":"WebPage","@id":"https:\/\/www.mautervillas.es\/blog\/menorca-en-grupo-ideas-y-alojamiento\/","url":"https:\/\/www.mautervillas.es\/blog\/menorca-en-grupo-ideas-y-alojamiento\/","name":"Ideas para visitar Menorca en grupo | Gu\u00eda de planes y alojamiento","isPartOf":{"@id":"https:\/\/www.mautervillas.es\/blog\/#website"},"datePublished":"2025-08-19T12:48:41+00:00","dateModified":"2025-08-19T12:48:42+00:00","author":{"@id":"https:\/\/www.mautervillas.es\/blog\/#\/schema\/person\/54cf2feb092752231f0ca767e13effee"},"description":"Descubre los mejores planes para disfrutar Menorca en grupo: villas, rutas, barco, mercados y atardeceres \u00fanicos.","breadcrumb":{"@id":"https:\/\/www.mautervillas.es\/blog\/menorca-en-grupo-ideas-y-alojamiento\/#breadcrumb"},"inLanguage":"es","potentialAction":[{"@type":"ReadAction","target":["https:\/\/www.mautervillas.es\/blog\/menorca-en-grupo-ideas-y-alojamiento\/"]}]},{"@type":"BreadcrumbList","@id":"https:\/\/www.mautervillas.es\/blog\/menorca-en-grupo-ideas-y-alojamiento\/#breadcrumb","itemListElement":[{"@type":"ListItem","position":1,"name":"Portada","item":"https:\/\/www.mautervillas.es\/blog\/"},{"@type":"ListItem","position":2,"name":"Ideas para visitar Menorca en grupo"}]},{"@type":"WebSite","@id":"https:\/\/www.mautervillas.es\/blog\/#website","url":"https:\/\/www.mautervillas.es\/blog\/","name":"Mauter Villas","description":"Mautervillas","potentialAction":[{"@type":"SearchAction","target":{"@type":"EntryPoint","urlTemplate":"https:\/\/www.mautervillas.es\/blog\/?s={search_term_string}"},"query-input":"required name=search_term_string"}],"inLanguage":"es"},{"@type":"Person","@id":"https:\/\/www.mautervillas.es\/blog\/#\/schema\/person\/54cf2feb092752231f0ca767e13effee","name":"mautervillas","image":{"@type":"ImageObject","inLanguage":"es","@id":"https:\/\/www.mautervillas.es\/blog\/#\/schema\/person\/image\/","url":"https:\/\/secure.gravatar.com\/avatar\/b4995f53b9941a4c2f7ad71dd46886c21ceca85a6a231dad5441008abeed428c?s=96&d=mm&r=g","contentUrl":"https:\/\/secure.gravatar.com\/avatar\/b4995f53b9941a4c2f7ad71dd46886c21ceca85a6a231dad5441008abeed428c?s=96&d=mm&r=g","caption":"mautervillas"},"url":"https:\/\/www.mautervillas.es\/blog\/author\/mautervillas\/"}]}},"amp_enabled":true,"_links":{"self":[{"href":"https:\/\/www.mautervillas.es\/blog\/wp-json\/wp\/v2\/posts\/1373","targetHints":{"allow":["GET"]}}],"collection":[{"href":"https:\/\/www.mautervillas.es\/blog\/wp-json\/wp\/v2\/posts"}],"about":[{"href":"https:\/\/www.mautervillas.es\/blog\/wp-json\/wp\/v2\/types\/post"}],"author":[{"embeddable":true,"href":"https:\/\/www.mautervillas.es\/blog\/wp-json\/wp\/v2\/users\/2"}],"replies":[{"embeddable":true,"href":"https:\/\/www.mautervillas.es\/blog\/wp-json\/wp\/v2\/comments?post=1373"}],"version-history":[{"count":1,"href":"https:\/\/www.mautervillas.es\/blog\/wp-json\/wp\/v2\/posts\/1373\/revisions"}],"predecessor-version":[{"id":1389,"href":"https:\/\/www.mautervillas.es\/blog\/wp-json\/wp\/v2\/posts\/1373\/revisions\/1389"}],"wp:featuredmedia":[{"embeddable":true,"href":"https:\/\/www.mautervillas.es\/blog\/wp-json\/wp\/v2\/media\/1386"}],"wp:attachment":[{"href":"https:\/\/www.mautervillas.es\/blog\/wp-json\/wp\/v2\/media?parent=1373"}],"wp:term":[{"taxonomy":"category","embeddable":true,"href":"https:\/\/www.mautervillas.es\/blog\/wp-json\/wp\/v2\/categories?post=1373"},{"taxonomy":"post_tag","embeddable":true,"href":"https:\/\/www.mautervillas.es\/blog\/wp-json\/wp\/v2\/tags?post=1373"}],"curies":[{"name":"wp","href":"https:\/\/api.w.org\/{rel}","templated":true}]}}